{"id":6009,"date":"2020-12-24T20:00:00","date_gmt":"2020-12-24T19:00:00","guid":{"rendered":"http:\/\/agora.xtec.cat\/escolapablopicasso\/?p=6009"},"modified":"2020-12-24T00:27:53","modified_gmt":"2020-12-23T23:27:53","slug":"i-que-hem-fet-aquest-trimestre-a-6e","status":"publish","type":"post","link":"https:\/\/agora.xtec.cat\/escolapablopicasso\/primaria\/i-que-hem-fet-aquest-trimestre-a-6e\/","title":{"rendered":"I qu\u00e8 hem fet aquest trimestre a 6\u00e8?"},"content":{"rendered":"<p>Aqu\u00ed teniu una petita mostra de les activitats que hem fet durant aquest\u00a0trimestre:<\/p>\n<p><iframe loading=\"lazy\" title=\"6\u00e8 1r trimestre!\" width=\"500\" height=\"281\" src=\"https:\/\/www.youtube.com\/embed\/jdzF2m2yMYE?feature=oembed\" frameborder=\"0\" allow=\"accelerometer; autoplay; clipboard-write; encrypted-media; gyroscope; picture-in-picture; web-share\" referrerpolicy=\"strict-origin-when-cross-origin\" allowfullscreen><\/iframe><\/p>\n<p><a href=\"https:\/\/youtu.be\/jdzF2m2yMYE\">\u00a0<\/a>Hem volgut fer un recorregut per totes aquelles que hem trobat m\u00e9s interessant i en les que han gaudit de valent, tant fent-les com presentant-les als companys\/es.<\/p>\n<div>Hi ha art\u00edstiques, com el treball dels artistes del mes, Jean Nouvel i Tomahuro Inabi, experimentals com les de les parts de la Terra i els volcans; d&#8217;escriptura com la que van fer simulant a escriptors\/es de l&#8217;Edat Mitjana, ja que van escriure un poema amb tinta i plom\u00ed.<\/div>\n<div><\/div>\n<div>Les sorpreses que han anat rebent de Phillies\u00a0Fogg, el protagonista de la Volta al M\u00f3n en 80 dies, com la carta de presentaci\u00f3, les maletes\u00a0per iniciar el viatge, el passaport&#8230; i l&#8217;\u00faltima que ens va deixar divendres, el telegrama amb el llibre de la hist\u00f2ria.<\/div>\n<div><\/div>\n<div>I la m\u00e9s emocionant de totes, l&#8217;entrega de la postal preciosa que han fet als seus fillos i filloles i que li van entregar el dijous a la tarda.<\/div>\n<div><\/div>\n","protected":false},"excerpt":{"rendered":"<p>Aqu\u00ed teniu una petita mostra de les activitats que hem fet durant aquest\u00a0trimestre:<\/p>\n<p><a href=\"https:\/\/youtu.be\/jdzF2m2yMYE\">\u00a0<\/a>Hem volgut fer un recorregut per totes aquelles que hem trobat m\u00e9s interessant i en les que han gaudit de valent, tant fent-les com presentant-les als companys\/es.<br \/>\nHi ha art\u00edstiques, com el treball&hellip;  <a href=\"https:\/\/agora.xtec.cat\/escolapablopicasso\/primaria\/i-que-hem-fet-aquest-trimestre-a-6e\/\" title=\"Read I qu\u00e8 hem fet aquest trimestre a 6\u00e8?\">Llegeix m\u00e9s\u00bb<\/a><\/p>\n","protected":false},"author":1,"featured_media":0,"comment_status":"open","ping_status":"closed","sticky":false,"template":"","format":"standard","meta":{"_bbp_topic_count":0,"_bbp_reply_count":0,"_bbp_total_topic_count":0,"_bbp_total_reply_count":0,"_bbp_voice_count":0,"_bbp_anonymous_reply_count":0,"_bbp_topic_count_hidden":0,"_bbp_reply_count_hidden":0,"_bbp_forum_subforum_count":0,"footnotes":""},"categories":[15,5],"tags":[],"class_list":["post-6009","post","type-post","status-publish","format-standard","hentry","category-6e","category-primaria"],"post_mailing_queue_ids":[],"_links":{"self":[{"href":"https:\/\/agora.xtec.cat\/escolapablopicasso\/wp-json\/wp\/v2\/posts\/6009","targetHints":{"allow":["GET"]}}],"collection":[{"href":"https:\/\/agora.xtec.cat\/escolapablopicasso\/wp-json\/wp\/v2\/posts"}],"about":[{"href":"https:\/\/agora.xtec.cat\/escolapablopicasso\/wp-json\/wp\/v2\/types\/post"}],"author":[{"embeddable":true,"href":"https:\/\/agora.xtec.cat\/escolapablopicasso\/wp-json\/wp\/v2\/users\/1"}],"replies":[{"embeddable":true,"href":"https:\/\/agora.xtec.cat\/escolapablopicasso\/wp-json\/wp\/v2\/comments?post=6009"}],"version-history":[{"count":1,"href":"https:\/\/agora.xtec.cat\/escolapablopicasso\/wp-json\/wp\/v2\/posts\/6009\/revisions"}],"predecessor-version":[{"id":6010,"href":"https:\/\/agora.xtec.cat\/escolapablopicasso\/wp-json\/wp\/v2\/posts\/6009\/revisions\/6010"}],"wp:attachment":[{"href":"https:\/\/agora.xtec.cat\/escolapablopicasso\/wp-json\/wp\/v2\/media?parent=6009"}],"wp:term":[{"taxonomy":"category","embeddable":true,"href":"https:\/\/agora.xtec.cat\/escolapablopicasso\/wp-json\/wp\/v2\/categories?post=6009"},{"taxonomy":"post_tag","embeddable":true,"href":"https:\/\/agora.xtec.cat\/escolapablopicasso\/wp-json\/wp\/v2\/tags?post=6009"}],"curies":[{"name":"wp","href":"https:\/\/api.w.org\/{rel}","templated":true}]}}