{"id":5990,"date":"2020-12-17T20:20:21","date_gmt":"2020-12-17T19:20:21","guid":{"rendered":"http:\/\/agora.xtec.cat\/escolapablopicasso\/?p=5990"},"modified":"2021-02-06T23:03:49","modified_gmt":"2021-02-06T22:03:49","slug":"informacio-sobre-mesures-covid-19","status":"publish","type":"post","link":"https:\/\/agora.xtec.cat\/escolapablopicasso\/general\/informacio-sobre-mesures-covid-19\/","title":{"rendered":"INFORMACI\u00d3 SOBRE MESURES COVID-19"},"content":{"rendered":"<p><span style=\"font-family: Arial, sans-serif;\"><span style=\"font-size: small;\">Benvolgudes fam\u00edlies,<\/span><\/span><\/p>\n<p><span style=\"font-family: Arial, sans-serif;\"><span style=\"font-size: small;\">Des del Departament d&#8217;Educaci\u00f3, avui mateix, ens han fet arribar la seg\u00fcent informaci\u00f3:<\/span><\/span><\/p>\n<p><span style=\"font-family: Arial, sans-serif;\"><span style=\"font-size: small;\"><i>Benvolguda directora,<\/i><\/span><\/span><\/p>\n<p><span style=\"font-family: Arial, sans-serif;\"><span style=\"font-size: small;\"><i>El primer trimestre est\u00e0 a punt de finalitzar i hem aconseguit, amb el vostre suport i esfor\u00e7, protegir el dret a l&#8217;educaci\u00f3 dels i de les alumnes, i que els centres educatius garanteixin les mesures necess\u00e0ries de prevenci\u00f3 i salut.<\/i><\/span><\/span><\/p>\n<p><span style=\"font-family: Arial, sans-serif;\"><span style=\"font-size: small;\"><i>Com ja sabeu, es preveu que l&#8217;evoluci\u00f3 de la pand\u00e8mia despr\u00e9s de les vacances de Nadal no sigui gaire afavoridora, i \u00e9s per aix\u00f2 que els departaments d&#8217;Educaci\u00f3 i Salut hem previst diverses mesures perqu\u00e8 les escoles siguin espais el m\u00e9s segurs possible. En aquest sentit, s&#8217;ha previst aplicar les mesures seg\u00fcents:<\/i><\/span><\/span><\/p>\n<ul>\n<li><span style=\"font-family: Arial, sans-serif;\"><span style=\"font-size: small;\"><i>L&#8217;inici de curs del segon trimestre s&#8217;endarrereix fins al <\/i><\/span><\/span><strong><span style=\"font-family: Arial, sans-serif;\"><span style=\"font-size: small;\"><i>dilluns 11 de gener<\/i><\/span><\/span><\/strong><span style=\"font-family: Arial, sans-serif;\"><span style=\"font-size: small;\"><i>, com a conseq\u00fc\u00e8ncia d\u2019haver avaluat i tingut en compte les recomanacions sanit\u00e0ries: el Govern aprovar\u00e0 la disposici\u00f3 normativa per fer efectiva la modificaci\u00f3 del calendari escolar el proper 22 de desembre.<\/i><\/span><\/span><\/li>\n<li><span style=\"font-family: Arial, sans-serif;\"><span style=\"font-size: small;\"><i>Es faran cribratges als i a les professionals en tornar de les festes nadalenques.<\/i><\/span><\/span><\/li>\n<\/ul>\n<p><span style=\"font-family: Arial, sans-serif;\"><span style=\"font-size: small;\"><i>Continuarem treballant i farem tot el possible perqu\u00e8 el segon trimestre del curs comenci amb la normalitat de la represa.<\/i><\/span><\/span><\/p>\n<p><span style=\"font-family: Arial, sans-serif;\"><span style=\"font-size: small;\"><i>Us agra\u00efm sincerament la vostra feina i implicaci\u00f3, i us desitgem un bon Nadal.<\/i><\/span><\/span><\/p>\n<p><span style=\"font-family: Arial, sans-serif;\"><span style=\"font-size: small;\"><i>Departament d&#8217;Educaci\u00f3<\/i><\/span><\/span><\/p>\n<p><span style=\"font-family: Arial, sans-serif;\"><span style=\"font-size: small;\">Si hi ha noves informacions, us les farem arribar el m\u00e9s aviat possible.<\/span><\/span><\/p>\n<p><span style=\"font-family: Arial, sans-serif;\"><span style=\"font-size: small;\">Una salutaci\u00f3,<\/span><\/span><\/p>\n<p align=\"RIGHT\"><span style=\"font-family: Arial, sans-serif;\"><span style=\"font-size: small;\">Equip Directiu<\/span><\/span><\/p>\n<pre class=\"western\"><\/pre>\n","protected":false},"excerpt":{"rendered":"<p>Benvolgudes fam\u00edlies,<br \/>\nDes del Departament d&#8217;Educaci\u00f3, avui mateix, ens han fet arribar la seg\u00fcent informaci\u00f3:<br \/>\nBenvolguda directora,<br \/>\nEl primer trimestre est\u00e0 a punt de finalitzar i hem aconseguit, amb el vostre suport i esfor\u00e7, protegir el dret a l&#8217;educaci\u00f3 dels i de les alumnes, i que els centres&hellip;  <a href=\"https:\/\/agora.xtec.cat\/escolapablopicasso\/general\/informacio-sobre-mesures-covid-19\/\" title=\"Read INFORMACI\u00d3 SOBRE MESURES COVID-19\">Llegeix m\u00e9s\u00bb<\/a><\/p>\n","protected":false},"author":5,"featured_media":5234,"comment_status":"open","ping_status":"closed","sticky":false,"template":"","format":"standard","meta":{"_bbp_topic_count":0,"_bbp_reply_count":0,"_bbp_total_topic_count":0,"_bbp_total_reply_count":0,"_bbp_voice_count":0,"_bbp_anonymous_reply_count":0,"_bbp_topic_count_hidden":0,"_bbp_reply_count_hidden":0,"_bbp_forum_subforum_count":0,"footnotes":""},"categories":[1,4],"tags":[],"class_list":["post-5990","post","type-post","status-publish","format-standard","has-post-thumbnail","hentry","category-general","category-portada"],"post_mailing_queue_ids":[],"_links":{"self":[{"href":"https:\/\/agora.xtec.cat\/escolapablopicasso\/wp-json\/wp\/v2\/posts\/5990","targetHints":{"allow":["GET"]}}],"collection":[{"href":"https:\/\/agora.xtec.cat\/escolapablopicasso\/wp-json\/wp\/v2\/posts"}],"about":[{"href":"https:\/\/agora.xtec.cat\/escolapablopicasso\/wp-json\/wp\/v2\/types\/post"}],"author":[{"embeddable":true,"href":"https:\/\/agora.xtec.cat\/escolapablopicasso\/wp-json\/wp\/v2\/users\/5"}],"replies":[{"embeddable":true,"href":"https:\/\/agora.xtec.cat\/escolapablopicasso\/wp-json\/wp\/v2\/comments?post=5990"}],"version-history":[{"count":3,"href":"https:\/\/agora.xtec.cat\/escolapablopicasso\/wp-json\/wp\/v2\/posts\/5990\/revisions"}],"predecessor-version":[{"id":5993,"href":"https:\/\/agora.xtec.cat\/escolapablopicasso\/wp-json\/wp\/v2\/posts\/5990\/revisions\/5993"}],"wp:featuredmedia":[{"embeddable":true,"href":"https:\/\/agora.xtec.cat\/escolapablopicasso\/wp-json\/wp\/v2\/media\/5234"}],"wp:attachment":[{"href":"https:\/\/agora.xtec.cat\/escolapablopicasso\/wp-json\/wp\/v2\/media?parent=5990"}],"wp:term":[{"taxonomy":"category","embeddable":true,"href":"https:\/\/agora.xtec.cat\/escolapablopicasso\/wp-json\/wp\/v2\/categories?post=5990"},{"taxonomy":"post_tag","embeddable":true,"href":"https:\/\/agora.xtec.cat\/escolapablopicasso\/wp-json\/wp\/v2\/tags?post=5990"}],"curies":[{"name":"wp","href":"https:\/\/api.w.org\/{rel}","templated":true}]}}