{"id":5974,"date":"2020-12-09T00:36:56","date_gmt":"2020-12-08T23:36:56","guid":{"rendered":"http:\/\/agora.xtec.cat\/escolapablopicasso\/?p=5974"},"modified":"2020-12-09T00:36:56","modified_gmt":"2020-12-08T23:36:56","slug":"els-p3-som-la-familia-de-les-flors","status":"publish","type":"post","link":"https:\/\/agora.xtec.cat\/escolapablopicasso\/general\/els-p3-som-la-familia-de-les-flors\/","title":{"rendered":"Els P3 som la fam\u00edlia de les flors"},"content":{"rendered":"<p><a href=\"https:\/\/agora.xtec.cat\/escolapablopicasso\/wp-content\/uploads\/usu295\/2020\/12\/2.jpg\"><img loading=\"lazy\" decoding=\"async\" class=\"alignnone size-large wp-image-5975\" src=\"https:\/\/agora.xtec.cat\/escolapablopicasso\/wp-content\/uploads\/usu295\/2020\/12\/2-1024x724.jpg\" alt=\"\" width=\"1024\" height=\"724\" srcset=\"https:\/\/agora.xtec.cat\/escolapablopicasso\/wp-content\/uploads\/usu295\/2020\/12\/2-1024x724.jpg 1024w, https:\/\/agora.xtec.cat\/escolapablopicasso\/wp-content\/uploads\/usu295\/2020\/12\/2-300x212.jpg 300w, https:\/\/agora.xtec.cat\/escolapablopicasso\/wp-content\/uploads\/usu295\/2020\/12\/2-768x543.jpg 768w, https:\/\/agora.xtec.cat\/escolapablopicasso\/wp-content\/uploads\/usu295\/2020\/12\/2.jpg 2000w\" sizes=\"auto, (max-width: 1024px) 100vw, 1024px\" \/><\/a><\/p>\n<p>Els nostres infants de P3 ja han decidit com es volen dir&#8230; entre tots els noms que van dir vam fer una votaci\u00f3 i finalment: som la classe de LES FLORS. Ara hem de comen\u00e7ar a investigar un munt de coses sobre la natura, els \u00e9ssers vius, les flors&#8230; Aquesta fam\u00edlia est\u00e0 desitjant comen\u00e7ar a aprendre coses noves! Ens ajudareu?<\/p>\n<p><a href=\"https:\/\/drive.google.com\/file\/d\/1fEzDNU8TZqbwzjNmSbTP1QL2zjlem_h_\/view?usp=sharing\">https:\/\/drive.google.com\/file\/d\/1fEzDNU8TZqbwzjNmSbTP1QL2zjlem_h_\/view?usp=sharing<\/a><\/p>\n<p>&nbsp;<\/p>\n<p>&nbsp;<\/p>\n","protected":false},"excerpt":{"rendered":"<p>Som la fam\u00edlia de les flors&hellip;  <a href=\"https:\/\/agora.xtec.cat\/escolapablopicasso\/general\/els-p3-som-la-familia-de-les-flors\/\" title=\"Read Els P3 som la fam\u00edlia de les flors\">Llegeix m\u00e9s\u00bb<\/a><\/p>\n","protected":false},"author":4,"featured_media":0,"comment_status":"open","ping_status":"closed","sticky":false,"template":"","format":"standard","meta":{"_bbp_topic_count":0,"_bbp_reply_count":0,"_bbp_total_topic_count":0,"_bbp_total_reply_count":0,"_bbp_voice_count":0,"_bbp_anonymous_reply_count":0,"_bbp_topic_count_hidden":0,"_bbp_reply_count_hidden":0,"_bbp_forum_subforum_count":0,"footnotes":""},"categories":[1,3,2],"tags":[60,58],"class_list":["post-5974","post","type-post","status-publish","format-standard","hentry","category-general","category-i3","category-infantil","tag-infantil","tag-p3"],"post_mailing_queue_ids":[],"_links":{"self":[{"href":"https:\/\/agora.xtec.cat\/escolapablopicasso\/wp-json\/wp\/v2\/posts\/5974","targetHints":{"allow":["GET"]}}],"collection":[{"href":"https:\/\/agora.xtec.cat\/escolapablopicasso\/wp-json\/wp\/v2\/posts"}],"about":[{"href":"https:\/\/agora.xtec.cat\/escolapablopicasso\/wp-json\/wp\/v2\/types\/post"}],"author":[{"embeddable":true,"href":"https:\/\/agora.xtec.cat\/escolapablopicasso\/wp-json\/wp\/v2\/users\/4"}],"replies":[{"embeddable":true,"href":"https:\/\/agora.xtec.cat\/escolapablopicasso\/wp-json\/wp\/v2\/comments?post=5974"}],"version-history":[{"count":3,"href":"https:\/\/agora.xtec.cat\/escolapablopicasso\/wp-json\/wp\/v2\/posts\/5974\/revisions"}],"predecessor-version":[{"id":5978,"href":"https:\/\/agora.xtec.cat\/escolapablopicasso\/wp-json\/wp\/v2\/posts\/5974\/revisions\/5978"}],"wp:attachment":[{"href":"https:\/\/agora.xtec.cat\/escolapablopicasso\/wp-json\/wp\/v2\/media?parent=5974"}],"wp:term":[{"taxonomy":"category","embeddable":true,"href":"https:\/\/agora.xtec.cat\/escolapablopicasso\/wp-json\/wp\/v2\/categories?post=5974"},{"taxonomy":"post_tag","embeddable":true,"href":"https:\/\/agora.xtec.cat\/escolapablopicasso\/wp-json\/wp\/v2\/tags?post=5974"}],"curies":[{"name":"wp","href":"https:\/\/api.w.org\/{rel}","templated":true}]}}