{"id":5970,"date":"2020-12-07T23:23:07","date_gmt":"2020-12-07T22:23:07","guid":{"rendered":"http:\/\/agora.xtec.cat\/escolapablopicasso\/?p=5970"},"modified":"2020-12-07T23:23:07","modified_gmt":"2020-12-07T22:23:07","slug":"tardor-a-la-familia-dels-talps","status":"publish","type":"post","link":"https:\/\/agora.xtec.cat\/escolapablopicasso\/infantil\/tardor-a-la-familia-dels-talps\/","title":{"rendered":"Tardor a la fam\u00edlia dels talps"},"content":{"rendered":"<p>El fred \u00e9s m\u00e9s intens i sembla que poc a poc anem donant la benvinguda a l&#8217;hivern.<\/p>\n<p>Les i els talps han treballat, gaudit i descobert un munt de coses durant aquesta estaci\u00f3.<\/p>\n<p>Aqu\u00ed us deixem un recull. Gaudiu tant com nosaltres!<\/p>\n<p><a href=\"https:\/\/drive.google.com\/file\/d\/1ezom_gy0L5KhO1gz2P7Wufd6K0U-Kgob\/view?usp=sharing\">https:\/\/drive.google.com\/file\/d\/1ezom_gy0L5KhO1gz2P7Wufd6K0U-Kgob\/view?usp=sharing<\/a><\/p>\n<p>&nbsp;<\/p>\n","protected":false},"excerpt":{"rendered":"<p>El fred \u00e9s m\u00e9s intens i sembla que poc a poc anem donant la benvinguda a l&#8217;hivern.<br \/>\nLes i els talps han treballat, gaudit i descobert un munt de coses durant aquesta estaci\u00f3.<br \/>\nAqu\u00ed us deixem un recull. Gaudiu tant com nosaltres!<br \/>\n<a href=\"https:\/\/drive.google.com\/file\/d\/1ezom_gy0L5KhO1gz2P7Wufd6K0U-Kgob\/view?usp=sharing\">https:\/\/drive.google.com\/file\/d\/1ezom_gy0L5KhO1gz2P7Wufd6K0U-Kgob\/view?usp=sharing<\/a><br \/>\n&nbsp;<\/p>\n","protected":false},"author":4,"featured_media":0,"comment_status":"open","ping_status":"closed","sticky":false,"template":"","format":"standard","meta":{"_bbp_topic_count":0,"_bbp_reply_count":0,"_bbp_total_topic_count":0,"_bbp_total_reply_count":0,"_bbp_voice_count":0,"_bbp_anonymous_reply_count":0,"_bbp_topic_count_hidden":0,"_bbp_reply_count_hidden":0,"_bbp_forum_subforum_count":0,"footnotes":""},"categories":[8,9,2],"tags":[],"class_list":["post-5970","post","type-post","status-publish","format-standard","hentry","category-i4","category-i5","category-infantil"],"post_mailing_queue_ids":[],"_links":{"self":[{"href":"https:\/\/agora.xtec.cat\/escolapablopicasso\/wp-json\/wp\/v2\/posts\/5970","targetHints":{"allow":["GET"]}}],"collection":[{"href":"https:\/\/agora.xtec.cat\/escolapablopicasso\/wp-json\/wp\/v2\/posts"}],"about":[{"href":"https:\/\/agora.xtec.cat\/escolapablopicasso\/wp-json\/wp\/v2\/types\/post"}],"author":[{"embeddable":true,"href":"https:\/\/agora.xtec.cat\/escolapablopicasso\/wp-json\/wp\/v2\/users\/4"}],"replies":[{"embeddable":true,"href":"https:\/\/agora.xtec.cat\/escolapablopicasso\/wp-json\/wp\/v2\/comments?post=5970"}],"version-history":[{"count":2,"href":"https:\/\/agora.xtec.cat\/escolapablopicasso\/wp-json\/wp\/v2\/posts\/5970\/revisions"}],"predecessor-version":[{"id":5972,"href":"https:\/\/agora.xtec.cat\/escolapablopicasso\/wp-json\/wp\/v2\/posts\/5970\/revisions\/5972"}],"wp:attachment":[{"href":"https:\/\/agora.xtec.cat\/escolapablopicasso\/wp-json\/wp\/v2\/media?parent=5970"}],"wp:term":[{"taxonomy":"category","embeddable":true,"href":"https:\/\/agora.xtec.cat\/escolapablopicasso\/wp-json\/wp\/v2\/categories?post=5970"},{"taxonomy":"post_tag","embeddable":true,"href":"https:\/\/agora.xtec.cat\/escolapablopicasso\/wp-json\/wp\/v2\/tags?post=5970"}],"curies":[{"name":"wp","href":"https:\/\/api.w.org\/{rel}","templated":true}]}}