{"id":5968,"date":"2020-12-04T13:41:50","date_gmt":"2020-12-04T12:41:50","guid":{"rendered":"http:\/\/agora.xtec.cat\/escolapablopicasso\/?p=5968"},"modified":"2020-12-04T13:41:50","modified_gmt":"2020-12-04T12:41:50","slug":"festiu-desembre","status":"publish","type":"post","link":"https:\/\/agora.xtec.cat\/escolapablopicasso\/general\/festiu-desembre\/","title":{"rendered":"FESTIU DESEMBRE"},"content":{"rendered":"<p>Us recordem que el dilluns 7 de desembre \u00e9s dia de LLIURE DISPOSICI\u00d3 i el dimarts 8 de desembre \u00e9s FESTA i <strong><u>L\u2019ESCOLA ROMANDR\u00c0 TANCADA.<\/u><\/strong><\/p>\n<p>Tornem el dimecres 9 de desembre!!!!<\/p>\n<p><strong><u><img loading=\"lazy\" decoding=\"async\" class=\"aligncenter size-full wp-image-5049\" src=\"https:\/\/agora.xtec.cat\/escolapablopicasso\/wp-content\/uploads\/usu295\/2019\/11\/descarga.png\" alt=\"\" width=\"233\" height=\"217\" \/><\/u><\/strong><\/p>\n","protected":false},"excerpt":{"rendered":"<p>Us recordem que el dilluns 7 de desembre \u00e9s dia de LLIURE DISPOSICI\u00d3 i el dimarts 8 de desembre \u00e9s FESTA i L\u2019ESCOLA ROMANDR\u00c0 TANCADA.<br \/>\nTornem el dimecres 9 de desembre!!!!<\/p>\n","protected":false},"author":5,"featured_media":0,"comment_status":"open","ping_status":"closed","sticky":false,"template":"","format":"standard","meta":{"_bbp_topic_count":0,"_bbp_reply_count":0,"_bbp_total_topic_count":0,"_bbp_total_reply_count":0,"_bbp_voice_count":0,"_bbp_anonymous_reply_count":0,"_bbp_topic_count_hidden":0,"_bbp_reply_count_hidden":0,"_bbp_forum_subforum_count":0,"footnotes":""},"categories":[1,4],"tags":[],"class_list":["post-5968","post","type-post","status-publish","format-standard","hentry","category-general","category-portada"],"post_mailing_queue_ids":[],"_links":{"self":[{"href":"https:\/\/agora.xtec.cat\/escolapablopicasso\/wp-json\/wp\/v2\/posts\/5968","targetHints":{"allow":["GET"]}}],"collection":[{"href":"https:\/\/agora.xtec.cat\/escolapablopicasso\/wp-json\/wp\/v2\/posts"}],"about":[{"href":"https:\/\/agora.xtec.cat\/escolapablopicasso\/wp-json\/wp\/v2\/types\/post"}],"author":[{"embeddable":true,"href":"https:\/\/agora.xtec.cat\/escolapablopicasso\/wp-json\/wp\/v2\/users\/5"}],"replies":[{"embeddable":true,"href":"https:\/\/agora.xtec.cat\/escolapablopicasso\/wp-json\/wp\/v2\/comments?post=5968"}],"version-history":[{"count":1,"href":"https:\/\/agora.xtec.cat\/escolapablopicasso\/wp-json\/wp\/v2\/posts\/5968\/revisions"}],"predecessor-version":[{"id":5969,"href":"https:\/\/agora.xtec.cat\/escolapablopicasso\/wp-json\/wp\/v2\/posts\/5968\/revisions\/5969"}],"wp:attachment":[{"href":"https:\/\/agora.xtec.cat\/escolapablopicasso\/wp-json\/wp\/v2\/media?parent=5968"}],"wp:term":[{"taxonomy":"category","embeddable":true,"href":"https:\/\/agora.xtec.cat\/escolapablopicasso\/wp-json\/wp\/v2\/categories?post=5968"},{"taxonomy":"post_tag","embeddable":true,"href":"https:\/\/agora.xtec.cat\/escolapablopicasso\/wp-json\/wp\/v2\/tags?post=5968"}],"curies":[{"name":"wp","href":"https:\/\/api.w.org\/{rel}","templated":true}]}}