{"id":5953,"date":"2020-12-01T11:50:22","date_gmt":"2020-12-01T10:50:22","guid":{"rendered":"http:\/\/agora.xtec.cat\/escolapablopicasso\/?p=5953"},"modified":"2020-12-02T12:24:20","modified_gmt":"2020-12-02T11:24:20","slug":"lartista-del-mes-desembre","status":"publish","type":"post","link":"https:\/\/agora.xtec.cat\/escolapablopicasso\/general\/lartista-del-mes-desembre\/","title":{"rendered":"L&#8217;artista del mes (desembre i gener)"},"content":{"rendered":"<p style=\"text-align: center;\"><strong>MIRA\u2019M ALS ULLS, LA COMUNICACI\u00d3 EN TEMPS DE MASCARETA.<\/strong><\/p>\n<p>Qu\u00e8 passa amb la nostra comunicaci\u00f3? El fet d\u2019haver de dur la mascareta de manera cont\u00ednua ha canviat la nostra percepci\u00f3 dels altres.<\/p>\n<p>LA MIRADA S\u2019HA CONVERTIT EN EL NOSTRE PRINCIPAL PUNT DE CONTACTE.<\/p>\n<p>Aquest mes de desembre i gener ens centrarem en la visi\u00f3 de &#8220;la mirada&#8221; de diferents artistes.<\/p>\n<p><strong>Bansky,<\/strong> graffiter angl\u00e8s, va regalar a l\u2019hospital de Southampton un nou mural com a reconeixement per la feina feta pel personal sanitari durant la pand\u00e8mia. A la seva obra apareix un nen jugant amb figuretes d\u2019acci\u00f3, per\u00f2 en lloc d\u2019agafar a Spiderman o Batman, tria la figura d\u2019una infermera, amb capa i mascareta.<\/p>\n<p><a href=\"https:\/\/agora.xtec.cat\/escolapablopicasso\/wp-content\/uploads\/usu295\/2020\/12\/bansky.jpg\"><img loading=\"lazy\" decoding=\"async\" class=\"aligncenter wp-image-5955\" src=\"https:\/\/agora.xtec.cat\/escolapablopicasso\/wp-content\/uploads\/usu295\/2020\/12\/bansky.jpg\" alt=\"\" width=\"308\" height=\"308\" srcset=\"https:\/\/agora.xtec.cat\/escolapablopicasso\/wp-content\/uploads\/usu295\/2020\/12\/bansky.jpg 1000w, https:\/\/agora.xtec.cat\/escolapablopicasso\/wp-content\/uploads\/usu295\/2020\/12\/bansky-150x150.jpg 150w, https:\/\/agora.xtec.cat\/escolapablopicasso\/wp-content\/uploads\/usu295\/2020\/12\/bansky-300x300.jpg 300w, https:\/\/agora.xtec.cat\/escolapablopicasso\/wp-content\/uploads\/usu295\/2020\/12\/bansky-768x768.jpg 768w\" sizes=\"auto, (max-width: 308px) 100vw, 308px\" \/><\/a><\/p>\n<p>Tamb\u00e9 ha modificat un graffitti antic i molt conegut per tal de\u00a0conscienciar la gent en l\u2019\u00fas de la mascareta.\u00a0I vet aqu\u00ed que comen\u00e7a el nostre cam\u00ed per les MIRADES i el que aquestes ens volen trasmetre.<\/p>\n<p><a href=\"https:\/\/agora.xtec.cat\/escolapablopicasso\/wp-content\/uploads\/usu295\/2020\/12\/bansky2.jpg\"><img loading=\"lazy\" decoding=\"async\" class=\"aligncenter size-full wp-image-5956\" src=\"https:\/\/agora.xtec.cat\/escolapablopicasso\/wp-content\/uploads\/usu295\/2020\/12\/bansky2.jpg\" alt=\"\" width=\"259\" height=\"194\" srcset=\"https:\/\/agora.xtec.cat\/escolapablopicasso\/wp-content\/uploads\/usu295\/2020\/12\/bansky2.jpg 259w, https:\/\/agora.xtec.cat\/escolapablopicasso\/wp-content\/uploads\/usu295\/2020\/12\/bansky2-200x150.jpg 200w\" sizes=\"auto, (max-width: 259px) 100vw, 259px\" \/><\/a><\/p>\n<p><strong>Riso Chan. <\/strong>Hem de tenir una mirada activa.\u00a0En Riso treballa els ulls de manera realista i despr\u00e8s deixa anar la seva imaginaci\u00f3.<\/p>\n<p><a href=\"https:\/\/agora.xtec.cat\/escolapablopicasso\/wp-content\/uploads\/usu295\/2020\/12\/risochan.jpg\"><img loading=\"lazy\" decoding=\"async\" class=\"aligncenter size-full wp-image-5957\" src=\"https:\/\/agora.xtec.cat\/escolapablopicasso\/wp-content\/uploads\/usu295\/2020\/12\/risochan.jpg\" alt=\"\" width=\"199\" height=\"253\" \/><\/a><\/p>\n<p><strong>Lucas Zanotto: <\/strong>Tot ens mira, estem envoltats d\u2019ulls i de mirades que observen.<\/p>\n<p><a href=\"https:\/\/agora.xtec.cat\/escolapablopicasso\/wp-content\/uploads\/usu295\/2020\/12\/lucas.png\"><img loading=\"lazy\" decoding=\"async\" class=\"aligncenter wp-image-5958\" src=\"https:\/\/agora.xtec.cat\/escolapablopicasso\/wp-content\/uploads\/usu295\/2020\/12\/lucas.png\" alt=\"\" width=\"406\" height=\"228\" srcset=\"https:\/\/agora.xtec.cat\/escolapablopicasso\/wp-content\/uploads\/usu295\/2020\/12\/lucas.png 960w, https:\/\/agora.xtec.cat\/escolapablopicasso\/wp-content\/uploads\/usu295\/2020\/12\/lucas-300x169.png 300w, https:\/\/agora.xtec.cat\/escolapablopicasso\/wp-content\/uploads\/usu295\/2020\/12\/lucas-768x432.png 768w\" sizes=\"auto, (max-width: 406px) 100vw, 406px\" \/><\/a><\/p>\n<p><strong>Anna Miminoshvili.<\/strong> Qu\u00e8 vol dir que l\u2019ull viatja? S\u00f3n els ulls els que ens mostren el m\u00f3n que ens envolta, <strong style=\"font-family: inherit; font-size: 1em;\">OBRIM-LOS!<\/strong><\/p>\n<p><a href=\"https:\/\/agora.xtec.cat\/escolapablopicasso\/wp-content\/uploads\/usu295\/2020\/12\/anna.jpg\"><img loading=\"lazy\" decoding=\"async\" class=\"aligncenter wp-image-5959\" src=\"https:\/\/agora.xtec.cat\/escolapablopicasso\/wp-content\/uploads\/usu295\/2020\/12\/anna.jpg\" alt=\"\" width=\"456\" height=\"322\" srcset=\"https:\/\/agora.xtec.cat\/escolapablopicasso\/wp-content\/uploads\/usu295\/2020\/12\/anna.jpg 1400w, https:\/\/agora.xtec.cat\/escolapablopicasso\/wp-content\/uploads\/usu295\/2020\/12\/anna-300x212.jpg 300w, https:\/\/agora.xtec.cat\/escolapablopicasso\/wp-content\/uploads\/usu295\/2020\/12\/anna-768x542.jpg 768w, https:\/\/agora.xtec.cat\/escolapablopicasso\/wp-content\/uploads\/usu295\/2020\/12\/anna-1024x723.jpg 1024w\" sizes=\"auto, (max-width: 456px) 100vw, 456px\" \/><\/a><\/p>\n<p><strong>Jennifer Allnutt <\/strong>Cal saber recon\u00e8ixer en la vida di\u00e0ria les troballes inesperades, cal tenir l&#8217;ull entrenat.\u00a0Les coses passen quan un est\u00e0 atent.<\/p>\n<p><a href=\"https:\/\/agora.xtec.cat\/escolapablopicasso\/wp-content\/uploads\/usu295\/2020\/12\/Jennifer.jpg\"><img loading=\"lazy\" decoding=\"async\" class=\"aligncenter wp-image-5960\" src=\"https:\/\/agora.xtec.cat\/escolapablopicasso\/wp-content\/uploads\/usu295\/2020\/12\/Jennifer.jpg\" alt=\"\" width=\"506\" height=\"424\" srcset=\"https:\/\/agora.xtec.cat\/escolapablopicasso\/wp-content\/uploads\/usu295\/2020\/12\/Jennifer.jpg 880w, https:\/\/agora.xtec.cat\/escolapablopicasso\/wp-content\/uploads\/usu295\/2020\/12\/Jennifer-300x250.jpg 300w, https:\/\/agora.xtec.cat\/escolapablopicasso\/wp-content\/uploads\/usu295\/2020\/12\/Jennifer-768x644.jpg 768w\" sizes=\"auto, (max-width: 506px) 100vw, 506px\" \/><\/a><\/p>\n<p><strong>John Stezaker. <\/strong>I si canviem els ulls?\u00a0Es mant\u00e9 la mirada?<\/p>\n<p><a href=\"https:\/\/agora.xtec.cat\/escolapablopicasso\/wp-content\/uploads\/usu295\/2020\/12\/john.jpg\"><img loading=\"lazy\" decoding=\"async\" class=\"aligncenter wp-image-5961\" src=\"https:\/\/agora.xtec.cat\/escolapablopicasso\/wp-content\/uploads\/usu295\/2020\/12\/john.jpg\" alt=\"\" width=\"295\" height=\"382\" srcset=\"https:\/\/agora.xtec.cat\/escolapablopicasso\/wp-content\/uploads\/usu295\/2020\/12\/john.jpg 460w, https:\/\/agora.xtec.cat\/escolapablopicasso\/wp-content\/uploads\/usu295\/2020\/12\/john-232x300.jpg 232w\" sizes=\"auto, (max-width: 295px) 100vw, 295px\" \/><\/a><\/p>\n<p><strong>S\u00edlvia Idili.<\/strong> Els ulls sempre ens parlen.<\/p>\n<p><a href=\"https:\/\/agora.xtec.cat\/escolapablopicasso\/wp-content\/uploads\/usu295\/2020\/12\/Silvia-Idili-1.jpg\"><img loading=\"lazy\" decoding=\"async\" class=\"aligncenter wp-image-5962\" src=\"https:\/\/agora.xtec.cat\/escolapablopicasso\/wp-content\/uploads\/usu295\/2020\/12\/Silvia-Idili-1.jpg\" alt=\"\" width=\"365\" height=\"365\" srcset=\"https:\/\/agora.xtec.cat\/escolapablopicasso\/wp-content\/uploads\/usu295\/2020\/12\/Silvia-Idili-1.jpg 1080w, https:\/\/agora.xtec.cat\/escolapablopicasso\/wp-content\/uploads\/usu295\/2020\/12\/Silvia-Idili-1-150x150.jpg 150w, https:\/\/agora.xtec.cat\/escolapablopicasso\/wp-content\/uploads\/usu295\/2020\/12\/Silvia-Idili-1-300x300.jpg 300w, https:\/\/agora.xtec.cat\/escolapablopicasso\/wp-content\/uploads\/usu295\/2020\/12\/Silvia-Idili-1-768x768.jpg 768w, https:\/\/agora.xtec.cat\/escolapablopicasso\/wp-content\/uploads\/usu295\/2020\/12\/Silvia-Idili-1-1024x1024.jpg 1024w\" sizes=\"auto, (max-width: 365px) 100vw, 365px\" \/><\/a><\/p>\n<p><strong>La mirada dels cl\u00e0ssics. <\/strong>Des del Rom\u00e0nic\u2026 podem trovar mirades que ens busquen, ens conviden, en commouen\u2026<\/p>\n<p>&nbsp;<\/p>\n<p><a href=\"https:\/\/agora.xtec.cat\/escolapablopicasso\/wp-content\/uploads\/usu295\/2020\/12\/benedetti.png\"><img loading=\"lazy\" decoding=\"async\" class=\"aligncenter size-full wp-image-5954\" src=\"https:\/\/agora.xtec.cat\/escolapablopicasso\/wp-content\/uploads\/usu295\/2020\/12\/benedetti.png\" alt=\"\" width=\"749\" height=\"443\" srcset=\"https:\/\/agora.xtec.cat\/escolapablopicasso\/wp-content\/uploads\/usu295\/2020\/12\/benedetti.png 749w, https:\/\/agora.xtec.cat\/escolapablopicasso\/wp-content\/uploads\/usu295\/2020\/12\/benedetti-300x177.png 300w\" sizes=\"auto, (max-width: 749px) 100vw, 749px\" \/><\/a><\/p>\n<p>&nbsp;<\/p>\n","protected":false},"excerpt":{"rendered":"<p>MIRA\u2019M ALS ULLS, LA COMUNICACI\u00d3 EN TEMPS DE MASCARETA.<br \/>\nQu\u00e8 passa amb la nostra comunicaci\u00f3? El fet d\u2019haver de dur la mascareta de manera cont\u00ednua ha canviat la nostra percepci\u00f3 dels altres.<br \/>\nLA MIRADA S\u2019HA CONVERTIT EN EL NOSTRE PRINCIPAL PUNT DE CONTACTE.<br \/>\nAquest mes de desembre i&hellip;  <a href=\"https:\/\/agora.xtec.cat\/escolapablopicasso\/general\/lartista-del-mes-desembre\/\" title=\"Read L&#8217;artista del mes (desembre i gener)\">Llegeix m\u00e9s\u00bb<\/a><\/p>\n","protected":false},"author":5,"featured_media":5954,"comment_status":"open","ping_status":"closed","sticky":false,"template":"","format":"standard","meta":{"_bbp_topic_count":0,"_bbp_reply_count":0,"_bbp_total_topic_count":0,"_bbp_total_reply_count":0,"_bbp_voice_count":0,"_bbp_anonymous_reply_count":0,"_bbp_topic_count_hidden":0,"_bbp_reply_count_hidden":0,"_bbp_forum_subforum_count":0,"footnotes":""},"categories":[1,4],"tags":[],"class_list":["post-5953","post","type-post","status-publish","format-standard","has-post-thumbnail","hentry","category-general","category-portada"],"post_mailing_queue_ids":[],"_links":{"self":[{"href":"https:\/\/agora.xtec.cat\/escolapablopicasso\/wp-json\/wp\/v2\/posts\/5953","targetHints":{"allow":["GET"]}}],"collection":[{"href":"https:\/\/agora.xtec.cat\/escolapablopicasso\/wp-json\/wp\/v2\/posts"}],"about":[{"href":"https:\/\/agora.xtec.cat\/escolapablopicasso\/wp-json\/wp\/v2\/types\/post"}],"author":[{"embeddable":true,"href":"https:\/\/agora.xtec.cat\/escolapablopicasso\/wp-json\/wp\/v2\/users\/5"}],"replies":[{"embeddable":true,"href":"https:\/\/agora.xtec.cat\/escolapablopicasso\/wp-json\/wp\/v2\/comments?post=5953"}],"version-history":[{"count":3,"href":"https:\/\/agora.xtec.cat\/escolapablopicasso\/wp-json\/wp\/v2\/posts\/5953\/revisions"}],"predecessor-version":[{"id":5965,"href":"https:\/\/agora.xtec.cat\/escolapablopicasso\/wp-json\/wp\/v2\/posts\/5953\/revisions\/5965"}],"wp:featuredmedia":[{"embeddable":true,"href":"https:\/\/agora.xtec.cat\/escolapablopicasso\/wp-json\/wp\/v2\/media\/5954"}],"wp:attachment":[{"href":"https:\/\/agora.xtec.cat\/escolapablopicasso\/wp-json\/wp\/v2\/media?parent=5953"}],"wp:term":[{"taxonomy":"category","embeddable":true,"href":"https:\/\/agora.xtec.cat\/escolapablopicasso\/wp-json\/wp\/v2\/categories?post=5953"},{"taxonomy":"post_tag","embeddable":true,"href":"https:\/\/agora.xtec.cat\/escolapablopicasso\/wp-json\/wp\/v2\/tags?post=5953"}],"curies":[{"name":"wp","href":"https:\/\/api.w.org\/{rel}","templated":true}]}}