{"id":5915,"date":"2020-11-20T00:08:03","date_gmt":"2020-11-19T23:08:03","guid":{"rendered":"http:\/\/agora.xtec.cat\/escolapablopicasso\/?p=5915"},"modified":"2020-11-20T23:20:38","modified_gmt":"2020-11-20T22:20:38","slug":"la-volta-al-mon-en-80-dies-5e","status":"publish","type":"post","link":"https:\/\/agora.xtec.cat\/escolapablopicasso\/general\/la-volta-al-mon-en-80-dies-5e\/","title":{"rendered":"La volta al m\u00f3n en 80 dies &#8211; 5\u00e8"},"content":{"rendered":"<p>Aquest curs farem un gran, gran viatge per tot el m\u00f3n seguint el llibre de Jules Verne &#8220;La volta al m\u00f3n en 80 dies&#8221; i aquest \u00e9s el tret de sortida de moltes activitats incre\u00efbles que farem plegats!<\/p>\n<p>5\u00e8A<\/p>\n<p><iframe loading=\"lazy\" title=\"5\u00e8A La volta al m\u00f3n en 80 dies\" width=\"500\" height=\"281\" src=\"https:\/\/www.youtube.com\/embed\/N5wZDN-K9U0?feature=oembed\" frameborder=\"0\" allow=\"accelerometer; autoplay; clipboard-write; encrypted-media; gyroscope; picture-in-picture; web-share\" referrerpolicy=\"strict-origin-when-cross-origin\" allowfullscreen><\/iframe><\/p>\n<p>5\u00e8B<\/p>\n<p><iframe loading=\"lazy\" title=\"5\u00e8B La volta al m\u00f3n en 80 dies\" width=\"500\" height=\"281\" src=\"https:\/\/www.youtube.com\/embed\/TXXHVmffg9g?feature=oembed\" frameborder=\"0\" allow=\"accelerometer; autoplay; clipboard-write; encrypted-media; gyroscope; picture-in-picture; web-share\" referrerpolicy=\"strict-origin-when-cross-origin\" allowfullscreen><\/iframe><\/p>\n<p>5\u00e8C<\/p>\n<p><iframe loading=\"lazy\" title=\"5\u00e8C La volta al m\u00f3n en 80 dies\" width=\"500\" height=\"281\" src=\"https:\/\/www.youtube.com\/embed\/zx3-cwmdc7c?feature=oembed\" frameborder=\"0\" allow=\"accelerometer; autoplay; clipboard-write; encrypted-media; gyroscope; picture-in-picture; web-share\" referrerpolicy=\"strict-origin-when-cross-origin\" allowfullscreen><\/iframe><\/p>\n","protected":false},"excerpt":{"rendered":"<p>Aquest curs farem un gran, gran viatge per tot el m\u00f3n seguint el llibre de Jules Verne &#8220;La volta al m\u00f3n en 80 dies&#8221; i aquest \u00e9s el tret de sortida de moltes activitats incre\u00efbles que farem plegats!<br \/>\n5\u00e8A<\/p>\n<p>5\u00e8B<\/p>\n<p>5\u00e8C<\/p>\n","protected":false},"author":1,"featured_media":5916,"comment_status":"open","ping_status":"closed","sticky":false,"template":"","format":"standard","meta":{"_bbp_topic_count":0,"_bbp_reply_count":0,"_bbp_total_topic_count":0,"_bbp_total_reply_count":0,"_bbp_voice_count":0,"_bbp_anonymous_reply_count":0,"_bbp_topic_count_hidden":0,"_bbp_reply_count_hidden":0,"_bbp_forum_subforum_count":0,"footnotes":""},"categories":[14,1,5],"tags":[],"class_list":["post-5915","post","type-post","status-publish","format-standard","has-post-thumbnail","hentry","category-5e","category-general","category-primaria"],"post_mailing_queue_ids":[],"_links":{"self":[{"href":"https:\/\/agora.xtec.cat\/escolapablopicasso\/wp-json\/wp\/v2\/posts\/5915","targetHints":{"allow":["GET"]}}],"collection":[{"href":"https:\/\/agora.xtec.cat\/escolapablopicasso\/wp-json\/wp\/v2\/posts"}],"about":[{"href":"https:\/\/agora.xtec.cat\/escolapablopicasso\/wp-json\/wp\/v2\/types\/post"}],"author":[{"embeddable":true,"href":"https:\/\/agora.xtec.cat\/escolapablopicasso\/wp-json\/wp\/v2\/users\/1"}],"replies":[{"embeddable":true,"href":"https:\/\/agora.xtec.cat\/escolapablopicasso\/wp-json\/wp\/v2\/comments?post=5915"}],"version-history":[{"count":2,"href":"https:\/\/agora.xtec.cat\/escolapablopicasso\/wp-json\/wp\/v2\/posts\/5915\/revisions"}],"predecessor-version":[{"id":5925,"href":"https:\/\/agora.xtec.cat\/escolapablopicasso\/wp-json\/wp\/v2\/posts\/5915\/revisions\/5925"}],"wp:featuredmedia":[{"embeddable":true,"href":"https:\/\/agora.xtec.cat\/escolapablopicasso\/wp-json\/wp\/v2\/media\/5916"}],"wp:attachment":[{"href":"https:\/\/agora.xtec.cat\/escolapablopicasso\/wp-json\/wp\/v2\/media?parent=5915"}],"wp:term":[{"taxonomy":"category","embeddable":true,"href":"https:\/\/agora.xtec.cat\/escolapablopicasso\/wp-json\/wp\/v2\/categories?post=5915"},{"taxonomy":"post_tag","embeddable":true,"href":"https:\/\/agora.xtec.cat\/escolapablopicasso\/wp-json\/wp\/v2\/tags?post=5915"}],"curies":[{"name":"wp","href":"https:\/\/api.w.org\/{rel}","templated":true}]}}