{"id":5893,"date":"2020-10-31T09:00:43","date_gmt":"2020-10-31T08:00:43","guid":{"rendered":"http:\/\/agora.xtec.cat\/escolapablopicasso\/?p=5893"},"modified":"2020-11-04T19:14:38","modified_gmt":"2020-11-04T18:14:38","slug":"castanyada-20-21","status":"publish","type":"post","link":"https:\/\/agora.xtec.cat\/escolapablopicasso\/general\/castanyada-20-21\/","title":{"rendered":"CASTANYADA 20-21"},"content":{"rendered":"<p><span style=\"font-weight: 400;\">Torna la tardor, torna la CASTANYADA&#8230;\u00a0 i torna la nostra exposici\u00f3.<\/span><\/p>\n<p><span style=\"font-weight: 400;\">Hola fam\u00edlies, ja us hauran explicat els vostres fills i filles que la setmana passada vam estar decorant l\u2019escola amb motius de tardor i que el divendres vam celebrar la CASTANYADA.<\/span><\/p>\n<p><span style=\"font-weight: 400;\">\u00c9s cert que no ho hem pogut fer com els altres anys&#8230;.<\/span><\/p>\n<p><span style=\"font-weight: 400;\">\u00c9s cert que tampoc hem pogut compartir berenar i activitats amb companys i companyes d&#8217;altres grups&#8230;<\/span><\/p>\n<p><span style=\"font-weight: 400;\">Tamb\u00e9 \u00e9s cert que les fam\u00edlies no heu pogut entrar a l&#8217;escola per veure les nostres feines i compartir una estona amb altres fam\u00edlies i mestres en uns moments relaxats i de gaudi&#8230;<\/span><\/p>\n<p><span style=\"font-weight: 400;\">Per\u00f2, a continuaci\u00f3, us presentem el v\u00eddeo que recull una mostra de tot el que hem anat fent per treballar la tardor.<\/span><\/p>\n<p style=\"text-align: center;\"><iframe loading=\"lazy\" src=\"\/\/www.youtube.com\/embed\/NJjgi38gBS0\" width=\"560\" height=\"314\"><\/iframe><\/p>\n<p><span style=\"font-weight: 400;\">Aquest ser\u00e0 el primer de molts v\u00eddeos que anirem penjant a la web de l\u2019escola. Els temps que estem vivint ens obliguen a prendre mesures alternatives. La vida al centre continua respectant, el m\u00e0xim possible, les tradicions habituals tot i que hem de fer-ho de manera diferent. Sort de les noves tecnologies! que ens permeten mantenir viu aquest contacte per poder continuar la relaci\u00f3 fam\u00edlia-escola que \u00e9s tan important.<\/span><\/p>\n<p><span style=\"font-weight: 400;\">Esperem que gaudiu del v\u00eddeo i que els vostres infants aprofitin per explicar tot all\u00f2 que han fet.\u00a0<\/span><\/p>\n<p><span style=\"font-weight: 400;\">No us perdeu les noves entregues d\u2019aquesta s\u00e8rie de petites mostres de la nostra vida al PICASSO.\u00a0<\/span><\/p>\n","protected":false},"excerpt":{"rendered":"<p>Torna la tardor, torna la CASTANYADA&#8230;\u00a0 i torna la nostra exposici\u00f3.<br \/>\nHola fam\u00edlies, ja us hauran explicat els vostres fills i filles que la setmana passada vam estar decorant l\u2019escola amb motius de tardor i que el divendres vam celebrar la CASTANYADA.<br \/>\n\u00c9s cert que no ho&hellip;  <a href=\"https:\/\/agora.xtec.cat\/escolapablopicasso\/general\/castanyada-20-21\/\" title=\"Read CASTANYADA 20-21\">Llegeix m\u00e9s\u00bb<\/a><\/p>\n","protected":false},"author":5,"featured_media":5894,"comment_status":"open","ping_status":"closed","sticky":false,"template":"","format":"standard","meta":{"_bbp_topic_count":0,"_bbp_reply_count":0,"_bbp_total_topic_count":0,"_bbp_total_reply_count":0,"_bbp_voice_count":0,"_bbp_anonymous_reply_count":0,"_bbp_topic_count_hidden":0,"_bbp_reply_count_hidden":0,"_bbp_forum_subforum_count":0,"footnotes":""},"categories":[23,1,4],"tags":[],"class_list":["post-5893","post","type-post","status-publish","format-standard","has-post-thumbnail","hentry","category-nadal","category-general","category-portada"],"post_mailing_queue_ids":[],"_links":{"self":[{"href":"https:\/\/agora.xtec.cat\/escolapablopicasso\/wp-json\/wp\/v2\/posts\/5893","targetHints":{"allow":["GET"]}}],"collection":[{"href":"https:\/\/agora.xtec.cat\/escolapablopicasso\/wp-json\/wp\/v2\/posts"}],"about":[{"href":"https:\/\/agora.xtec.cat\/escolapablopicasso\/wp-json\/wp\/v2\/types\/post"}],"author":[{"embeddable":true,"href":"https:\/\/agora.xtec.cat\/escolapablopicasso\/wp-json\/wp\/v2\/users\/5"}],"replies":[{"embeddable":true,"href":"https:\/\/agora.xtec.cat\/escolapablopicasso\/wp-json\/wp\/v2\/comments?post=5893"}],"version-history":[{"count":1,"href":"https:\/\/agora.xtec.cat\/escolapablopicasso\/wp-json\/wp\/v2\/posts\/5893\/revisions"}],"predecessor-version":[{"id":5895,"href":"https:\/\/agora.xtec.cat\/escolapablopicasso\/wp-json\/wp\/v2\/posts\/5893\/revisions\/5895"}],"wp:featuredmedia":[{"embeddable":true,"href":"https:\/\/agora.xtec.cat\/escolapablopicasso\/wp-json\/wp\/v2\/media\/5894"}],"wp:attachment":[{"href":"https:\/\/agora.xtec.cat\/escolapablopicasso\/wp-json\/wp\/v2\/media?parent=5893"}],"wp:term":[{"taxonomy":"category","embeddable":true,"href":"https:\/\/agora.xtec.cat\/escolapablopicasso\/wp-json\/wp\/v2\/categories?post=5893"},{"taxonomy":"post_tag","embeddable":true,"href":"https:\/\/agora.xtec.cat\/escolapablopicasso\/wp-json\/wp\/v2\/tags?post=5893"}],"curies":[{"name":"wp","href":"https:\/\/api.w.org\/{rel}","templated":true}]}}