{"id":5886,"date":"2020-11-01T09:00:23","date_gmt":"2020-11-01T08:00:23","guid":{"rendered":"http:\/\/agora.xtec.cat\/escolapablopicasso\/?p=5886"},"modified":"2020-11-04T13:52:39","modified_gmt":"2020-11-04T12:52:39","slug":"lartista-del-mes-novembre-2","status":"publish","type":"post","link":"https:\/\/agora.xtec.cat\/escolapablopicasso\/general\/lartista-del-mes-novembre-2\/","title":{"rendered":"L&#8217;artista del mes (novembre)"},"content":{"rendered":"<p><a href=\"https:\/\/agora.xtec.cat\/escolapablopicasso\/wp-content\/uploads\/usu295\/2020\/11\/tomohiro.jpg\"><img loading=\"lazy\" decoding=\"async\" class=\"aligncenter size-full wp-image-5887\" src=\"https:\/\/agora.xtec.cat\/escolapablopicasso\/wp-content\/uploads\/usu295\/2020\/11\/tomohiro.jpg\" alt=\"\" width=\"472\" height=\"315\" srcset=\"https:\/\/agora.xtec.cat\/escolapablopicasso\/wp-content\/uploads\/usu295\/2020\/11\/tomohiro.jpg 472w, https:\/\/agora.xtec.cat\/escolapablopicasso\/wp-content\/uploads\/usu295\/2020\/11\/tomohiro-300x200.jpg 300w\" sizes=\"auto, (max-width: 472px) 100vw, 472px\" \/><\/a><\/p>\n<p>TOMOHIRO INABA \u00e9s un jove artista japon\u00e8s, nascut l\u20191 de juliol del 1993 al Jap\u00f3. Va acabar els seus estudis de postgrau al 2010. Se sent atret pel ferro com a material, entre d\u2019altres raons perqu\u00e8 es comen\u00e7a a oxidar pr\u00e0cticament en el moment de la seva creaci\u00f3. El filferro li permet fer teixit a les seves escultures.<\/p>\n<p>La seva obra \u00e9s una forma s\u00f2lida, anat\u00f2micament correcta per\u00f2 que es dispara en un garbuix enredat incre\u00efblement complex de filferros que el manifesten com a gargots de llapis violents. Els seus treballs han estat exposats al Jap\u00f3 on resideix actualment.<\/p>\n<p>La gran majoria de les seves escultures barregen un aspecte \u201cacabat i ple\u201d amb un altre m\u00e9s \u201ceteri i incomplert\u201d on s\u2019endevina la part que falta.<\/p>\n<p>Tal com va dir <em>Anish Kapoor<\/em>:<\/p>\n<p><strong>\u201cL\u2019ESCULTURA OCUPA EL MATEIX ESPAI QUE EL TEU COS\u201d<\/strong><\/p>\n<p>I en Tomohiro ens mostra un bon exemple<\/p>\n<p><a href=\"https:\/\/agora.xtec.cat\/escolapablopicasso\/wp-content\/uploads\/usu295\/2020\/11\/1.jpg\"><img loading=\"lazy\" decoding=\"async\" class=\"aligncenter size-full wp-image-5888\" src=\"https:\/\/agora.xtec.cat\/escolapablopicasso\/wp-content\/uploads\/usu295\/2020\/11\/1.jpg\" alt=\"\" width=\"256\" height=\"197\" \/><\/a><\/p>\n<p><a href=\"https:\/\/agora.xtec.cat\/escolapablopicasso\/wp-content\/uploads\/usu295\/2020\/11\/2.jpg\"><img loading=\"lazy\" decoding=\"async\" class=\"aligncenter size-full wp-image-5889\" src=\"https:\/\/agora.xtec.cat\/escolapablopicasso\/wp-content\/uploads\/usu295\/2020\/11\/2.jpg\" alt=\"\" width=\"318\" height=\"159\" srcset=\"https:\/\/agora.xtec.cat\/escolapablopicasso\/wp-content\/uploads\/usu295\/2020\/11\/2.jpg 318w, https:\/\/agora.xtec.cat\/escolapablopicasso\/wp-content\/uploads\/usu295\/2020\/11\/2-300x150.jpg 300w\" sizes=\"auto, (max-width: 318px) 100vw, 318px\" \/><\/a><\/p>\n<p><a href=\"https:\/\/agora.xtec.cat\/escolapablopicasso\/wp-content\/uploads\/usu295\/2020\/11\/3.jpg\"><img loading=\"lazy\" decoding=\"async\" class=\"aligncenter size-full wp-image-5890\" src=\"https:\/\/agora.xtec.cat\/escolapablopicasso\/wp-content\/uploads\/usu295\/2020\/11\/3.jpg\" alt=\"\" width=\"266\" height=\"189\" \/><\/a><\/p>\n<p><a href=\"https:\/\/agora.xtec.cat\/escolapablopicasso\/wp-content\/uploads\/usu295\/2020\/11\/4.jpg\"><img loading=\"lazy\" decoding=\"async\" class=\"aligncenter size-full wp-image-5891\" src=\"https:\/\/agora.xtec.cat\/escolapablopicasso\/wp-content\/uploads\/usu295\/2020\/11\/4.jpg\" alt=\"\" width=\"183\" height=\"275\" \/><\/a><\/p>\n","protected":false},"excerpt":{"rendered":"<p><a href=\"https:\/\/agora.xtec.cat\/escolapablopicasso\/wp-content\/uploads\/usu295\/2020\/11\/tomohiro.jpg\"><\/a><br \/>\nTOMOHIRO INABA \u00e9s un jove artista japon\u00e8s, nascut l\u20191 de juliol del 1993 al Jap\u00f3. Va acabar els seus estudis de postgrau al 2010. Se sent atret pel ferro com a material, entre d\u2019altres raons perqu\u00e8 es comen\u00e7a a oxidar pr\u00e0cticament en el moment&hellip;  <a href=\"https:\/\/agora.xtec.cat\/escolapablopicasso\/general\/lartista-del-mes-novembre-2\/\" title=\"Read L&#8217;artista del mes (novembre)\">Llegeix m\u00e9s\u00bb<\/a><\/p>\n","protected":false},"author":5,"featured_media":5887,"comment_status":"open","ping_status":"closed","sticky":false,"template":"","format":"standard","meta":{"_bbp_topic_count":0,"_bbp_reply_count":0,"_bbp_total_topic_count":0,"_bbp_total_reply_count":0,"_bbp_voice_count":0,"_bbp_anonymous_reply_count":0,"_bbp_topic_count_hidden":0,"_bbp_reply_count_hidden":0,"_bbp_forum_subforum_count":0,"footnotes":""},"categories":[1,4],"tags":[],"class_list":["post-5886","post","type-post","status-publish","format-standard","has-post-thumbnail","hentry","category-general","category-portada"],"post_mailing_queue_ids":[],"_links":{"self":[{"href":"https:\/\/agora.xtec.cat\/escolapablopicasso\/wp-json\/wp\/v2\/posts\/5886","targetHints":{"allow":["GET"]}}],"collection":[{"href":"https:\/\/agora.xtec.cat\/escolapablopicasso\/wp-json\/wp\/v2\/posts"}],"about":[{"href":"https:\/\/agora.xtec.cat\/escolapablopicasso\/wp-json\/wp\/v2\/types\/post"}],"author":[{"embeddable":true,"href":"https:\/\/agora.xtec.cat\/escolapablopicasso\/wp-json\/wp\/v2\/users\/5"}],"replies":[{"embeddable":true,"href":"https:\/\/agora.xtec.cat\/escolapablopicasso\/wp-json\/wp\/v2\/comments?post=5886"}],"version-history":[{"count":1,"href":"https:\/\/agora.xtec.cat\/escolapablopicasso\/wp-json\/wp\/v2\/posts\/5886\/revisions"}],"predecessor-version":[{"id":5892,"href":"https:\/\/agora.xtec.cat\/escolapablopicasso\/wp-json\/wp\/v2\/posts\/5886\/revisions\/5892"}],"wp:featuredmedia":[{"embeddable":true,"href":"https:\/\/agora.xtec.cat\/escolapablopicasso\/wp-json\/wp\/v2\/media\/5887"}],"wp:attachment":[{"href":"https:\/\/agora.xtec.cat\/escolapablopicasso\/wp-json\/wp\/v2\/media?parent=5886"}],"wp:term":[{"taxonomy":"category","embeddable":true,"href":"https:\/\/agora.xtec.cat\/escolapablopicasso\/wp-json\/wp\/v2\/categories?post=5886"},{"taxonomy":"post_tag","embeddable":true,"href":"https:\/\/agora.xtec.cat\/escolapablopicasso\/wp-json\/wp\/v2\/tags?post=5886"}],"curies":[{"name":"wp","href":"https:\/\/api.w.org\/{rel}","templated":true}]}}