{"id":5873,"date":"2020-11-03T03:33:59","date_gmt":"2020-11-03T02:33:59","guid":{"rendered":"http:\/\/agora.xtec.cat\/escolapablopicasso\/?p=5873"},"modified":"2020-11-03T03:33:59","modified_gmt":"2020-11-03T02:33:59","slug":"a-p3-els-infants-sapropen-a-la-tardor","status":"publish","type":"post","link":"https:\/\/agora.xtec.cat\/escolapablopicasso\/general\/a-p3-els-infants-sapropen-a-la-tardor\/","title":{"rendered":"A P3 els infants s&#8217;apropen a la tardor"},"content":{"rendered":"<p><img loading=\"lazy\" decoding=\"async\" class=\"attachment-266x266 size-266x266 aligncenter\" src=\"https:\/\/agora.xtec.cat\/escolapablopicasso\/wp-content\/uploads\/usu295\/2020\/11\/portada_tardor_pages-to-jpg-0001.jpg\" alt=\"\" width=\"266\" height=\"188\" \/><\/p>\n<p style=\"text-align: justify\">Els nens i nenes de la classe de P3 han estat molt enfeinats coneixent la tardor: els seus colors, qu\u00e8 passa amb els arbres en aquesta estaci\u00f3, aprenent can\u00e7ons, i divertint-se amb les propostes que ten\u00edem a l&#8217;aula.<\/p>\n<p>Cliqueu l&#8217;enlla\u00e7 per veure un v\u00eddeo dels moments viscuts pels vostres infants.<\/p>\n<p><a href=\"https:\/\/youtu.be\/h5rlkXHuAuc\">https:\/\/youtu.be\/h5rlkXHuAuc<\/a><\/p>\n<p>&nbsp;<\/p>\n<p>&nbsp;<\/p>\n","protected":false},"excerpt":{"rendered":"<p>P3 TARDOR INFANTIL&hellip;  <a href=\"https:\/\/agora.xtec.cat\/escolapablopicasso\/general\/a-p3-els-infants-sapropen-a-la-tardor\/\" title=\"Read A P3 els infants s&#8217;apropen a la tardor\">Llegeix m\u00e9s\u00bb<\/a><\/p>\n","protected":false},"author":4,"featured_media":5877,"comment_status":"open","ping_status":"closed","sticky":false,"template":"","format":"standard","meta":{"_bbp_topic_count":0,"_bbp_reply_count":0,"_bbp_total_topic_count":0,"_bbp_total_reply_count":0,"_bbp_voice_count":0,"_bbp_anonymous_reply_count":0,"_bbp_topic_count_hidden":0,"_bbp_reply_count_hidden":0,"_bbp_forum_subforum_count":0,"footnotes":""},"categories":[1,3,2],"tags":[60,58,59],"class_list":["post-5873","post","type-post","status-publish","format-standard","has-post-thumbnail","hentry","category-general","category-i3","category-infantil","tag-infantil","tag-p3","tag-tardor"],"post_mailing_queue_ids":[],"_links":{"self":[{"href":"https:\/\/agora.xtec.cat\/escolapablopicasso\/wp-json\/wp\/v2\/posts\/5873","targetHints":{"allow":["GET"]}}],"collection":[{"href":"https:\/\/agora.xtec.cat\/escolapablopicasso\/wp-json\/wp\/v2\/posts"}],"about":[{"href":"https:\/\/agora.xtec.cat\/escolapablopicasso\/wp-json\/wp\/v2\/types\/post"}],"author":[{"embeddable":true,"href":"https:\/\/agora.xtec.cat\/escolapablopicasso\/wp-json\/wp\/v2\/users\/4"}],"replies":[{"embeddable":true,"href":"https:\/\/agora.xtec.cat\/escolapablopicasso\/wp-json\/wp\/v2\/comments?post=5873"}],"version-history":[{"count":3,"href":"https:\/\/agora.xtec.cat\/escolapablopicasso\/wp-json\/wp\/v2\/posts\/5873\/revisions"}],"predecessor-version":[{"id":5882,"href":"https:\/\/agora.xtec.cat\/escolapablopicasso\/wp-json\/wp\/v2\/posts\/5873\/revisions\/5882"}],"wp:featuredmedia":[{"embeddable":true,"href":"https:\/\/agora.xtec.cat\/escolapablopicasso\/wp-json\/wp\/v2\/media\/5877"}],"wp:attachment":[{"href":"https:\/\/agora.xtec.cat\/escolapablopicasso\/wp-json\/wp\/v2\/media?parent=5873"}],"wp:term":[{"taxonomy":"category","embeddable":true,"href":"https:\/\/agora.xtec.cat\/escolapablopicasso\/wp-json\/wp\/v2\/categories?post=5873"},{"taxonomy":"post_tag","embeddable":true,"href":"https:\/\/agora.xtec.cat\/escolapablopicasso\/wp-json\/wp\/v2\/tags?post=5873"}],"curies":[{"name":"wp","href":"https:\/\/api.w.org\/{rel}","templated":true}]}}