{"id":5783,"date":"2020-10-01T09:00:51","date_gmt":"2020-10-01T07:00:51","guid":{"rendered":"http:\/\/agora.xtec.cat\/escolapablopicasso\/?p=5783"},"modified":"2020-10-05T10:51:27","modified_gmt":"2020-10-05T08:51:27","slug":"lartista-del-mes-octubre-2","status":"publish","type":"post","link":"https:\/\/agora.xtec.cat\/escolapablopicasso\/general\/lartista-del-mes-octubre-2\/","title":{"rendered":"L&#8217;artista del mes (octubre)"},"content":{"rendered":"<p><a href=\"https:\/\/agora.xtec.cat\/escolapablopicasso\/wp-content\/uploads\/usu295\/2020\/10\/Jean-Nouvel.jpg\"><img loading=\"lazy\" decoding=\"async\" class=\"aligncenter size-medium wp-image-5784\" src=\"https:\/\/agora.xtec.cat\/escolapablopicasso\/wp-content\/uploads\/usu295\/2020\/10\/Jean-Nouvel-285x300.jpg\" alt=\"\" width=\"285\" height=\"300\" srcset=\"https:\/\/agora.xtec.cat\/escolapablopicasso\/wp-content\/uploads\/usu295\/2020\/10\/Jean-Nouvel-285x300.jpg 285w, https:\/\/agora.xtec.cat\/escolapablopicasso\/wp-content\/uploads\/usu295\/2020\/10\/Jean-Nouvel-768x808.jpg 768w, https:\/\/agora.xtec.cat\/escolapablopicasso\/wp-content\/uploads\/usu295\/2020\/10\/Jean-Nouvel-974x1024.jpg 974w, https:\/\/agora.xtec.cat\/escolapablopicasso\/wp-content\/uploads\/usu295\/2020\/10\/Jean-Nouvel.jpg 1997w\" sizes=\"auto, (max-width: 285px) 100vw, 285px\" \/><\/a><\/p>\n<p>Hem triat al Jean Nouvell com a representant de tots aquells arquitectes que transformen les nostres ciutats.<\/p>\n<p>Va n\u00e9ixer el 12 d\u2019agost de 1945 a Fumel, Fran\u00e7a.\u00a0Un cop va acabar els estudis va crear el seu propi despatx amb d\u2019altres socis i ha participat a diferents concursos d\u2019arquitectura.<\/p>\n<p>Un motiu important per triar en Nouvel \u00e9s que, tot i no ser del nostre pa\u00eds, s\u00ed que podem trobar obres seves ben a prop nostre: a Barcelona \u00a0i a Madrid.<\/p>\n<p>La resta es troben a l\u2019estranger i s\u00f3n un exemple d\u2019intent d\u2019adaptar l\u2019estructura i els materials d\u2019edificaci\u00f3 per l\u2019aprofitament de la llum natural jugant amb les ombres com a objecte de decoraci\u00f3.<\/p>\n<p>Us sona aquest edifici??<\/p>\n<p><a href=\"https:\/\/agora.xtec.cat\/escolapablopicasso\/wp-content\/uploads\/usu295\/2020\/10\/images.jpg\"><img loading=\"lazy\" decoding=\"async\" class=\"aligncenter wp-image-5785 size-full\" src=\"https:\/\/agora.xtec.cat\/escolapablopicasso\/wp-content\/uploads\/usu295\/2020\/10\/images.jpg\" alt=\"\" width=\"194\" height=\"259\" \/><\/a><\/p>\n<p style=\"text-align: center;\"><strong>Torre AGBAR<\/strong>, Barcelona: 34 plantes per sobre de 4 pisos subterranis<\/p>\n<p>&nbsp;<\/p>\n<p><a href=\"https:\/\/agora.xtec.cat\/escolapablopicasso\/wp-content\/uploads\/usu295\/2020\/10\/images.jpg\">\u00a0<\/a><a href=\"https:\/\/agora.xtec.cat\/escolapablopicasso\/wp-content\/uploads\/usu295\/2020\/10\/Hospitalet_de_Llobregat_-_Plaza_de_Europa_Hotel_Renaissance_Barcelona_Fira_11.jpg\"><img loading=\"lazy\" decoding=\"async\" class=\"size-medium wp-image-5786 aligncenter\" src=\"https:\/\/agora.xtec.cat\/escolapablopicasso\/wp-content\/uploads\/usu295\/2020\/10\/Hospitalet_de_Llobregat_-_Plaza_de_Europa_Hotel_Renaissance_Barcelona_Fira_11-225x300.jpg\" alt=\"\" width=\"225\" height=\"300\" \/><\/a><\/p>\n<p style=\"text-align: center;\"><strong>L\u2019hotel CATAL\u00d2NIA FIRA<\/strong> es troba a l\u2019Hospitalet del Llobregat.<\/p>\n<p><a href=\"https:\/\/agora.xtec.cat\/escolapablopicasso\/wp-content\/uploads\/usu295\/2020\/10\/arquitectura-hotel-puerta-america.jpg\"><img loading=\"lazy\" decoding=\"async\" class=\"size-medium wp-image-5787 aligncenter\" src=\"https:\/\/agora.xtec.cat\/escolapablopicasso\/wp-content\/uploads\/usu295\/2020\/10\/arquitectura-hotel-puerta-america-300x203.jpg\" alt=\"\" width=\"300\" height=\"203\" srcset=\"https:\/\/agora.xtec.cat\/escolapablopicasso\/wp-content\/uploads\/usu295\/2020\/10\/arquitectura-hotel-puerta-america-300x203.jpg 300w, https:\/\/agora.xtec.cat\/escolapablopicasso\/wp-content\/uploads\/usu295\/2020\/10\/arquitectura-hotel-puerta-america-768x520.jpg 768w, https:\/\/agora.xtec.cat\/escolapablopicasso\/wp-content\/uploads\/usu295\/2020\/10\/arquitectura-hotel-puerta-america.jpg 800w\" sizes=\"auto, (max-width: 300px) 100vw, 300px\" \/> <\/a><\/p>\n<p style=\"text-align: center;\"><strong>L\u2019hotel PUERTA AM\u00c9RICA<\/strong>, de Madrid.<\/p>\n","protected":false},"excerpt":{"rendered":"<p><a href=\"https:\/\/agora.xtec.cat\/escolapablopicasso\/wp-content\/uploads\/usu295\/2020\/10\/Jean-Nouvel.jpg\"><\/a><br \/>\nHem triat al Jean Nouvell com a representant de tots aquells arquitectes que transformen les nostres ciutats.<br \/>\nVa n\u00e9ixer el 12 d\u2019agost de 1945 a Fumel, Fran\u00e7a.\u00a0Un cop va acabar els estudis va crear el seu propi despatx amb d\u2019altres socis i ha participat a&hellip;  <a href=\"https:\/\/agora.xtec.cat\/escolapablopicasso\/general\/lartista-del-mes-octubre-2\/\" title=\"Read L&#8217;artista del mes (octubre)\">Llegeix m\u00e9s\u00bb<\/a><\/p>\n","protected":false},"author":5,"featured_media":5784,"comment_status":"open","ping_status":"closed","sticky":false,"template":"","format":"standard","meta":{"_bbp_topic_count":0,"_bbp_reply_count":0,"_bbp_total_topic_count":0,"_bbp_total_reply_count":0,"_bbp_voice_count":0,"_bbp_anonymous_reply_count":0,"_bbp_topic_count_hidden":0,"_bbp_reply_count_hidden":0,"_bbp_forum_subforum_count":0,"footnotes":""},"categories":[1,4],"tags":[],"class_list":["post-5783","post","type-post","status-publish","format-standard","has-post-thumbnail","hentry","category-general","category-portada"],"post_mailing_queue_ids":[],"_links":{"self":[{"href":"https:\/\/agora.xtec.cat\/escolapablopicasso\/wp-json\/wp\/v2\/posts\/5783","targetHints":{"allow":["GET"]}}],"collection":[{"href":"https:\/\/agora.xtec.cat\/escolapablopicasso\/wp-json\/wp\/v2\/posts"}],"about":[{"href":"https:\/\/agora.xtec.cat\/escolapablopicasso\/wp-json\/wp\/v2\/types\/post"}],"author":[{"embeddable":true,"href":"https:\/\/agora.xtec.cat\/escolapablopicasso\/wp-json\/wp\/v2\/users\/5"}],"replies":[{"embeddable":true,"href":"https:\/\/agora.xtec.cat\/escolapablopicasso\/wp-json\/wp\/v2\/comments?post=5783"}],"version-history":[{"count":1,"href":"https:\/\/agora.xtec.cat\/escolapablopicasso\/wp-json\/wp\/v2\/posts\/5783\/revisions"}],"predecessor-version":[{"id":5788,"href":"https:\/\/agora.xtec.cat\/escolapablopicasso\/wp-json\/wp\/v2\/posts\/5783\/revisions\/5788"}],"wp:featuredmedia":[{"embeddable":true,"href":"https:\/\/agora.xtec.cat\/escolapablopicasso\/wp-json\/wp\/v2\/media\/5784"}],"wp:attachment":[{"href":"https:\/\/agora.xtec.cat\/escolapablopicasso\/wp-json\/wp\/v2\/media?parent=5783"}],"wp:term":[{"taxonomy":"category","embeddable":true,"href":"https:\/\/agora.xtec.cat\/escolapablopicasso\/wp-json\/wp\/v2\/categories?post=5783"},{"taxonomy":"post_tag","embeddable":true,"href":"https:\/\/agora.xtec.cat\/escolapablopicasso\/wp-json\/wp\/v2\/tags?post=5783"}],"curies":[{"name":"wp","href":"https:\/\/api.w.org\/{rel}","templated":true}]}}