{"id":5770,"date":"2020-09-20T12:20:36","date_gmt":"2020-09-20T10:20:36","guid":{"rendered":"http:\/\/agora.xtec.cat\/escolapablopicasso\/?p=5770"},"modified":"2020-09-20T12:21:45","modified_gmt":"2020-09-20T10:21:45","slug":"no-digo-que-vaya-a-ser-facil-digo-que-valdra-la-pena","status":"publish","type":"post","link":"https:\/\/agora.xtec.cat\/escolapablopicasso\/general\/no-digo-que-vaya-a-ser-facil-digo-que-valdra-la-pena\/","title":{"rendered":"&#8220;No digo que vaya a ser f\u00e1cil, digo que valdr\u00e1 la pena&#8221;"},"content":{"rendered":"<p>Primers dies de la fam\u00edlia d&#8217;infantil C&#8230;<\/p>\n<p>Gaudiu tant com ho han fet ells\/es.<\/p>\n<p>Salut!<\/p>\n<p style=\"text-align: center\"><a href=\"https:\/\/agora.xtec.cat\/escolapablopicasso\/wp-content\/uploads\/usu295\/2020\/09\/LA-PRIMERA-SETMANA-DESCOLA.pdf\">LA PRIMERA SETMANA D&#8217;ESCOLA<\/a><\/p>\n","protected":false},"excerpt":{"rendered":"<p>Primers dies de la fam\u00edlia d&#8217;infantil C&#8230;<br \/>\nGaudiu tant com ho han fet ells\/es.<br \/>\nSalut!<br \/>\n<a href=\"https:\/\/agora.xtec.cat\/escolapablopicasso\/wp-content\/uploads\/usu295\/2020\/09\/LA-PRIMERA-SETMANA-DESCOLA.pdf\">LA PRIMERA SETMANA D&#8217;ESCOLA<\/a><\/p>\n","protected":false},"author":4,"featured_media":0,"comment_status":"open","ping_status":"closed","sticky":false,"template":"","format":"standard","meta":{"_bbp_topic_count":0,"_bbp_reply_count":0,"_bbp_total_topic_count":0,"_bbp_total_reply_count":0,"_bbp_voice_count":0,"_bbp_anonymous_reply_count":0,"_bbp_topic_count_hidden":0,"_bbp_reply_count_hidden":0,"_bbp_forum_subforum_count":0,"footnotes":""},"categories":[1,8,9,2],"tags":[],"class_list":["post-5770","post","type-post","status-publish","format-standard","hentry","category-general","category-i4","category-i5","category-infantil"],"post_mailing_queue_ids":[],"_links":{"self":[{"href":"https:\/\/agora.xtec.cat\/escolapablopicasso\/wp-json\/wp\/v2\/posts\/5770","targetHints":{"allow":["GET"]}}],"collection":[{"href":"https:\/\/agora.xtec.cat\/escolapablopicasso\/wp-json\/wp\/v2\/posts"}],"about":[{"href":"https:\/\/agora.xtec.cat\/escolapablopicasso\/wp-json\/wp\/v2\/types\/post"}],"author":[{"embeddable":true,"href":"https:\/\/agora.xtec.cat\/escolapablopicasso\/wp-json\/wp\/v2\/users\/4"}],"replies":[{"embeddable":true,"href":"https:\/\/agora.xtec.cat\/escolapablopicasso\/wp-json\/wp\/v2\/comments?post=5770"}],"version-history":[{"count":2,"href":"https:\/\/agora.xtec.cat\/escolapablopicasso\/wp-json\/wp\/v2\/posts\/5770\/revisions"}],"predecessor-version":[{"id":5772,"href":"https:\/\/agora.xtec.cat\/escolapablopicasso\/wp-json\/wp\/v2\/posts\/5770\/revisions\/5772"}],"wp:attachment":[{"href":"https:\/\/agora.xtec.cat\/escolapablopicasso\/wp-json\/wp\/v2\/media?parent=5770"}],"wp:term":[{"taxonomy":"category","embeddable":true,"href":"https:\/\/agora.xtec.cat\/escolapablopicasso\/wp-json\/wp\/v2\/categories?post=5770"},{"taxonomy":"post_tag","embeddable":true,"href":"https:\/\/agora.xtec.cat\/escolapablopicasso\/wp-json\/wp\/v2\/tags?post=5770"}],"curies":[{"name":"wp","href":"https:\/\/api.w.org\/{rel}","templated":true}]}}