{"id":5767,"date":"2020-09-20T12:23:50","date_gmt":"2020-09-20T10:23:50","guid":{"rendered":"http:\/\/agora.xtec.cat\/escolapablopicasso\/?p=5767"},"modified":"2020-09-20T12:28:53","modified_gmt":"2020-09-20T10:28:53","slug":"i-per-fi-bon-dia","status":"publish","type":"post","link":"https:\/\/agora.xtec.cat\/escolapablopicasso\/general\/i-per-fi-bon-dia\/","title":{"rendered":"I per fi&#8230; BON DIA !!!"},"content":{"rendered":"<p>&nbsp;<\/p>\n<p>BON DIA !!!\u00a0 de nou el primer dia d&#8217;Escola !!!\u00a0 \u00a0Ja feia molt que l&#8217;esper\u00e0vem&#8230;<\/p>\n<p>Contents i contentes que tornar, de retrobar-nos, nervis tamb\u00e9, per\u00f2 sobretot alegria !!!<\/p>\n<p>Alguns somriures sota la mascareta per\u00f2 les galtones pujaven i els ulls s&#8217;il\u00b7luminaven.<\/p>\n<p>La motivaci\u00f3\u00a0 ja la portaven de casa. Fam\u00edlies, moltes gr\u00e0cies,\u00a0 pel vostre treball i col\u00b7laboraci\u00f3 que ha fet possible una tornada i adaptaci\u00f3 ben tranquil\u00b7la i amb il\u00b7lusi\u00f3.<\/p>\n<p>Han estat uns primers dies de moltes emocions, de con\u00e8ixer nous companys i companyes, d&#8217;aprendre molt r\u00e0pid unes normes de protecci\u00f3\u00a0 perqu\u00e8 tot vagi molt b\u00e9, de jugar mooolt, d&#8217;explicar-nos les vacances, de parlar del coronavirus, de mimar el Manchitas perqu\u00e8 ja no t\u00e9 el seu amic Boleta, de sentiments, etc. etc.<\/p>\n<p>Us convido a mirar aquestes imatges amb els vostres petits i petites. Que siguin ells els protagonistes d&#8217;explicar-vos\u00a0 viv\u00e8ncies d&#8217;aquesta primera setmana.<\/p>\n<p>Desitjo que tots i cadascun dels dies d&#8217;aquest curs els pugui rebre a l&#8217;Escola amb un BON DIA !!!\u00a0 Ja formem la FAMILIA INFANTIL B\u00a0 !!!<\/p>\n<p>&nbsp;<\/p>\n<p><iframe loading=\"lazy\" title=\"INICI CURS 20 21\" width=\"500\" height=\"281\" src=\"https:\/\/www.youtube.com\/embed\/BBlbiylbRm0?feature=oembed\" frameborder=\"0\" allow=\"accelerometer; autoplay; clipboard-write; encrypted-media; gyroscope; picture-in-picture; web-share\" referrerpolicy=\"strict-origin-when-cross-origin\" allowfullscreen><\/iframe><\/p>\n<p>&nbsp;<\/p>\n","protected":false},"excerpt":{"rendered":"<p>&nbsp;<br \/>\nBON DIA !!!\u00a0 de nou el primer dia d&#8217;Escola !!!\u00a0 \u00a0Ja feia molt que l&#8217;esper\u00e0vem&#8230;<br \/>\nContents i contentes que tornar, de retrobar-nos, nervis tamb\u00e9, per\u00f2 sobretot alegria !!!<br \/>\nAlguns somriures sota la mascareta per\u00f2 les galtones pujaven i els ulls s&#8217;il\u00b7luminaven.<br \/>\nLa motivaci\u00f3\u00a0 ja la portaven de casa.&hellip;  <a href=\"https:\/\/agora.xtec.cat\/escolapablopicasso\/general\/i-per-fi-bon-dia\/\" title=\"Read I per fi&#8230; BON DIA !!!\">Llegeix m\u00e9s\u00bb<\/a><\/p>\n","protected":false},"author":4,"featured_media":5774,"comment_status":"open","ping_status":"closed","sticky":false,"template":"","format":"standard","meta":{"_bbp_topic_count":0,"_bbp_reply_count":0,"_bbp_total_topic_count":0,"_bbp_total_reply_count":0,"_bbp_voice_count":0,"_bbp_anonymous_reply_count":0,"_bbp_topic_count_hidden":0,"_bbp_reply_count_hidden":0,"_bbp_forum_subforum_count":0,"footnotes":""},"categories":[1,8,9,2],"tags":[],"class_list":["post-5767","post","type-post","status-publish","format-standard","has-post-thumbnail","hentry","category-general","category-i4","category-i5","category-infantil"],"post_mailing_queue_ids":[],"_links":{"self":[{"href":"https:\/\/agora.xtec.cat\/escolapablopicasso\/wp-json\/wp\/v2\/posts\/5767","targetHints":{"allow":["GET"]}}],"collection":[{"href":"https:\/\/agora.xtec.cat\/escolapablopicasso\/wp-json\/wp\/v2\/posts"}],"about":[{"href":"https:\/\/agora.xtec.cat\/escolapablopicasso\/wp-json\/wp\/v2\/types\/post"}],"author":[{"embeddable":true,"href":"https:\/\/agora.xtec.cat\/escolapablopicasso\/wp-json\/wp\/v2\/users\/4"}],"replies":[{"embeddable":true,"href":"https:\/\/agora.xtec.cat\/escolapablopicasso\/wp-json\/wp\/v2\/comments?post=5767"}],"version-history":[{"count":2,"href":"https:\/\/agora.xtec.cat\/escolapablopicasso\/wp-json\/wp\/v2\/posts\/5767\/revisions"}],"predecessor-version":[{"id":5776,"href":"https:\/\/agora.xtec.cat\/escolapablopicasso\/wp-json\/wp\/v2\/posts\/5767\/revisions\/5776"}],"wp:featuredmedia":[{"embeddable":true,"href":"https:\/\/agora.xtec.cat\/escolapablopicasso\/wp-json\/wp\/v2\/media\/5774"}],"wp:attachment":[{"href":"https:\/\/agora.xtec.cat\/escolapablopicasso\/wp-json\/wp\/v2\/media?parent=5767"}],"wp:term":[{"taxonomy":"category","embeddable":true,"href":"https:\/\/agora.xtec.cat\/escolapablopicasso\/wp-json\/wp\/v2\/categories?post=5767"},{"taxonomy":"post_tag","embeddable":true,"href":"https:\/\/agora.xtec.cat\/escolapablopicasso\/wp-json\/wp\/v2\/tags?post=5767"}],"curies":[{"name":"wp","href":"https:\/\/api.w.org\/{rel}","templated":true}]}}