{"id":5745,"date":"2020-09-02T18:29:37","date_gmt":"2020-09-02T16:29:37","guid":{"rendered":"http:\/\/agora.xtec.cat\/escolapablopicasso\/?p=5745"},"modified":"2020-09-04T14:56:29","modified_gmt":"2020-09-04T12:56:29","slug":"fins-sempre-boleta","status":"publish","type":"post","link":"https:\/\/agora.xtec.cat\/escolapablopicasso\/general\/fins-sempre-boleta\/","title":{"rendered":"Fins sempre Boleta!"},"content":{"rendered":"<p style=\"padding-left: 40px;\"><a href=\"https:\/\/agora.xtec.cat\/escolapablopicasso\/wp-content\/uploads\/usu295\/2020\/09\/20200902_182517-COLLAGE.jpg\"><img loading=\"lazy\" decoding=\"async\" class=\"alignnone size-full wp-image-5747\" src=\"https:\/\/agora.xtec.cat\/escolapablopicasso\/wp-content\/uploads\/usu295\/2020\/09\/20200902_182517-COLLAGE.jpg\" alt=\"\" width=\"1024\" height=\"1024\" srcset=\"https:\/\/agora.xtec.cat\/escolapablopicasso\/wp-content\/uploads\/usu295\/2020\/09\/20200902_182517-COLLAGE.jpg 1024w, https:\/\/agora.xtec.cat\/escolapablopicasso\/wp-content\/uploads\/usu295\/2020\/09\/20200902_182517-COLLAGE-150x150.jpg 150w, https:\/\/agora.xtec.cat\/escolapablopicasso\/wp-content\/uploads\/usu295\/2020\/09\/20200902_182517-COLLAGE-300x300.jpg 300w, https:\/\/agora.xtec.cat\/escolapablopicasso\/wp-content\/uploads\/usu295\/2020\/09\/20200902_182517-COLLAGE-768x768.jpg 768w\" sizes=\"auto, (max-width: 1024px) 100vw, 1024px\" \/><\/a><\/p>\n<p>Hola petits i petites!! Avui l&#8217;escola est\u00e0 trista&#8230;<\/p>\n<p>El petit Boleta s&#8217;ha mort.\u00a0 Fa ja uns anys va arribar a la nostra escola acompanyat de la seva parella d&#8217;aventures, el Manchitas. Els nens i nenes de la classe dels castellers i castelleres, gegants i gegantes i del sol els van acollir amb molta estima i poc a poc van transmetre la il. lusi\u00f3 a la resta d&#8217;infants de l&#8217;escola.<\/p>\n<p>Aquelles boletes de p\u00e8l\u00a0 van anar creixent i ens han acompanyat en molts moments. Ens han ajudat a transmetre el respecte i la cura dels animals als petits i petites de l&#8217;escola i sempre estava disposat a una bona raspallada o a menjar-se una xuxe o uns bons brots de pastanaga.<\/p>\n<p>Avui el Manchitas tamb\u00e9 est\u00e0 trist. Troba a faltar amb qui es barallava per\u00f2 tamb\u00e9 creiem a qui a la seva manera estimava.<\/p>\n<p>Sempre ens queda pensar que el Boleta ha estat un conill feli\u00e7. Ha viscut acompanyat d&#8217;un munt de petits i petites que se l&#8217;estimaven i aquesta sort no la tenen totes les mascotes, la mateixa sort que hem tingut nosaltres de compartir tants moments bonics amb ell.<\/p>\n<p>Boleta sigues molt feli\u00e7 all\u00e0 on siguis, et trobarem molt a faltar!<\/p>\n","protected":false},"excerpt":{"rendered":"<p><a href=\"https:\/\/agora.xtec.cat\/escolapablopicasso\/wp-content\/uploads\/usu295\/2020\/09\/20200902_182517-COLLAGE.jpg\"><\/a><br \/>\nHola petits i petites!! Avui l&#8217;escola est\u00e0 trista&#8230;<br \/>\nEl petit Boleta s&#8217;ha mort.\u00a0 Fa ja uns anys va arribar a la nostra escola acompanyat de la seva parella d&#8217;aventures, el Manchitas. Els nens i nenes de la classe dels castellers i castelleres, gegants i gegantes&hellip;  <a href=\"https:\/\/agora.xtec.cat\/escolapablopicasso\/general\/fins-sempre-boleta\/\" title=\"Read Fins sempre Boleta!\">Llegeix m\u00e9s\u00bb<\/a><\/p>\n","protected":false},"author":4,"featured_media":5747,"comment_status":"open","ping_status":"closed","sticky":false,"template":"","format":"standard","meta":{"_bbp_topic_count":0,"_bbp_reply_count":0,"_bbp_total_topic_count":0,"_bbp_total_reply_count":0,"_bbp_voice_count":0,"_bbp_anonymous_reply_count":0,"_bbp_topic_count_hidden":0,"_bbp_reply_count_hidden":0,"_bbp_forum_subforum_count":0,"footnotes":""},"categories":[1,4],"tags":[],"class_list":["post-5745","post","type-post","status-publish","format-standard","has-post-thumbnail","hentry","category-general","category-portada"],"post_mailing_queue_ids":[],"_links":{"self":[{"href":"https:\/\/agora.xtec.cat\/escolapablopicasso\/wp-json\/wp\/v2\/posts\/5745","targetHints":{"allow":["GET"]}}],"collection":[{"href":"https:\/\/agora.xtec.cat\/escolapablopicasso\/wp-json\/wp\/v2\/posts"}],"about":[{"href":"https:\/\/agora.xtec.cat\/escolapablopicasso\/wp-json\/wp\/v2\/types\/post"}],"author":[{"embeddable":true,"href":"https:\/\/agora.xtec.cat\/escolapablopicasso\/wp-json\/wp\/v2\/users\/4"}],"replies":[{"embeddable":true,"href":"https:\/\/agora.xtec.cat\/escolapablopicasso\/wp-json\/wp\/v2\/comments?post=5745"}],"version-history":[{"count":3,"href":"https:\/\/agora.xtec.cat\/escolapablopicasso\/wp-json\/wp\/v2\/posts\/5745\/revisions"}],"predecessor-version":[{"id":5750,"href":"https:\/\/agora.xtec.cat\/escolapablopicasso\/wp-json\/wp\/v2\/posts\/5745\/revisions\/5750"}],"wp:featuredmedia":[{"embeddable":true,"href":"https:\/\/agora.xtec.cat\/escolapablopicasso\/wp-json\/wp\/v2\/media\/5747"}],"wp:attachment":[{"href":"https:\/\/agora.xtec.cat\/escolapablopicasso\/wp-json\/wp\/v2\/media?parent=5745"}],"wp:term":[{"taxonomy":"category","embeddable":true,"href":"https:\/\/agora.xtec.cat\/escolapablopicasso\/wp-json\/wp\/v2\/categories?post=5745"},{"taxonomy":"post_tag","embeddable":true,"href":"https:\/\/agora.xtec.cat\/escolapablopicasso\/wp-json\/wp\/v2\/tags?post=5745"}],"curies":[{"name":"wp","href":"https:\/\/api.w.org\/{rel}","templated":true}]}}