{"id":5711,"date":"2020-07-02T22:22:48","date_gmt":"2020-07-02T20:22:48","guid":{"rendered":"http:\/\/agora.xtec.cat\/escolapablopicasso\/?p=5711"},"modified":"2020-08-29T00:17:45","modified_gmt":"2020-08-28T22:17:45","slug":"llibres-de-text-curs-2020-2021","status":"publish","type":"post","link":"https:\/\/agora.xtec.cat\/escolapablopicasso\/general\/llibres-de-text-curs-2020-2021\/","title":{"rendered":"LLIBRES DE TEXT CURS 2020-2021"},"content":{"rendered":"<p>Podeu trobar la llista dels llibres de text pel curs 2020-2021 a continuaci\u00f3 i clicant <a href=\"https:\/\/agora.xtec.cat\/escolapablopicasso\/curs-18-19\/llibres-de-text-20-21\/\">aqu\u00ed<\/a>.<\/p>\n<p>A m\u00e9s dels llibres de text, els alumnes de 3r, 4t, 5\u00e8 i 6\u00e8 han de portar el material seg\u00fcent:<\/p>\n<ul>\n<li>Carpeta amb separadors de cartolina<\/li>\n<li>Motxilla (amb o sense rodes) on hi c\u00e0piguen els llibres i la carpeta<\/li>\n<li>Estoig amb llapis, goma, maquineta, bol\u00edgraf blau i vermell, colors i retoladors b\u00e0sics<\/li>\n<li>Una bata per tallers<\/li>\n<\/ul>\n<p><a href=\"https:\/\/agora.xtec.cat\/escolapablopicasso\/wp-content\/uploads\/usu295\/2020\/07\/llibres1-1.png\"><img loading=\"lazy\" decoding=\"async\" class=\"aligncenter size-full wp-image-5705\" src=\"https:\/\/agora.xtec.cat\/escolapablopicasso\/wp-content\/uploads\/usu295\/2020\/07\/llibres1-1.png\" alt=\"\" width=\"685\" height=\"289\" srcset=\"https:\/\/agora.xtec.cat\/escolapablopicasso\/wp-content\/uploads\/usu295\/2020\/07\/llibres1-1.png 685w, https:\/\/agora.xtec.cat\/escolapablopicasso\/wp-content\/uploads\/usu295\/2020\/07\/llibres1-1-300x127.png 300w\" sizes=\"auto, (max-width: 685px) 100vw, 685px\" \/><\/a><\/p>\n<p>&nbsp;<\/p>\n<p><a href=\"https:\/\/agora.xtec.cat\/escolapablopicasso\/wp-content\/uploads\/usu295\/2020\/07\/llibres3-1.png\"><img loading=\"lazy\" decoding=\"async\" class=\"aligncenter size-full wp-image-5707\" src=\"https:\/\/agora.xtec.cat\/escolapablopicasso\/wp-content\/uploads\/usu295\/2020\/07\/llibres3-1.png\" alt=\"\" width=\"689\" height=\"393\" srcset=\"https:\/\/agora.xtec.cat\/escolapablopicasso\/wp-content\/uploads\/usu295\/2020\/07\/llibres3-1.png 689w, https:\/\/agora.xtec.cat\/escolapablopicasso\/wp-content\/uploads\/usu295\/2020\/07\/llibres3-1-300x171.png 300w\" sizes=\"auto, (max-width: 689px) 100vw, 689px\" \/><\/a><\/p>\n<p><a href=\"https:\/\/agora.xtec.cat\/escolapablopicasso\/wp-content\/uploads\/usu295\/2020\/07\/llibres4.png\"><img loading=\"lazy\" decoding=\"async\" class=\"aligncenter size-full wp-image-5708\" src=\"https:\/\/agora.xtec.cat\/escolapablopicasso\/wp-content\/uploads\/usu295\/2020\/07\/llibres4.png\" alt=\"\" width=\"695\" height=\"337\" srcset=\"https:\/\/agora.xtec.cat\/escolapablopicasso\/wp-content\/uploads\/usu295\/2020\/07\/llibres4.png 695w, https:\/\/agora.xtec.cat\/escolapablopicasso\/wp-content\/uploads\/usu295\/2020\/07\/llibres4-300x145.png 300w\" sizes=\"auto, (max-width: 695px) 100vw, 695px\" \/><\/a><\/p>\n<p><a href=\"https:\/\/agora.xtec.cat\/escolapablopicasso\/wp-content\/uploads\/usu295\/2020\/07\/llibres5.png\"><img loading=\"lazy\" decoding=\"async\" class=\"aligncenter size-full wp-image-5709\" src=\"https:\/\/agora.xtec.cat\/escolapablopicasso\/wp-content\/uploads\/usu295\/2020\/07\/llibres5.png\" alt=\"\" width=\"681\" height=\"307\" srcset=\"https:\/\/agora.xtec.cat\/escolapablopicasso\/wp-content\/uploads\/usu295\/2020\/07\/llibres5.png 681w, https:\/\/agora.xtec.cat\/escolapablopicasso\/wp-content\/uploads\/usu295\/2020\/07\/llibres5-300x135.png 300w\" sizes=\"auto, (max-width: 681px) 100vw, 681px\" \/><\/a><\/p>\n","protected":false},"excerpt":{"rendered":"<p>Podeu trobar la llista dels llibres de text pel curs 2020-2021 a continuaci\u00f3 i clicant <a href=\"https:\/\/agora.xtec.cat\/escolapablopicasso\/curs-18-19\/llibres-de-text-20-21\/\">aqu\u00ed<\/a>.<br \/>\nA m\u00e9s dels llibres de text, els alumnes de 3r, 4t, 5\u00e8 i 6\u00e8 han de portar el material seg\u00fcent:<\/p>\n<ul>\n<li>Carpeta amb separadors de cartolina<\/li>\n<li>Motxilla (amb o sense rodes) on&hellip;  <a href=\"https:\/\/agora.xtec.cat\/escolapablopicasso\/general\/llibres-de-text-curs-2020-2021\/\" title=\"Read LLIBRES DE TEXT CURS 2020-2021\">Llegeix m\u00e9s\u00bb<\/a><br \/>\n","protected":false},"author":1,"featured_media":5712,"comment_status":"open","ping_status":"closed","sticky":false,"template":"","format":"standard","meta":{"_bbp_topic_count":0,"_bbp_reply_count":0,"_bbp_total_topic_count":0,"_bbp_total_reply_count":0,"_bbp_voice_count":0,"_bbp_anonymous_reply_count":0,"_bbp_topic_count_hidden":0,"_bbp_reply_count_hidden":0,"_bbp_forum_subforum_count":0,"footnotes":""},"categories":[1,4,5],"tags":[],"class_list":["post-5711","post","type-post","status-publish","format-standard","has-post-thumbnail","hentry","category-general","category-portada","category-primaria"],"post_mailing_queue_ids":[],"_links":{"self":[{"href":"https:\/\/agora.xtec.cat\/escolapablopicasso\/wp-json\/wp\/v2\/posts\/5711","targetHints":{"allow":["GET"]}}],"collection":[{"href":"https:\/\/agora.xtec.cat\/escolapablopicasso\/wp-json\/wp\/v2\/posts"}],"about":[{"href":"https:\/\/agora.xtec.cat\/escolapablopicasso\/wp-json\/wp\/v2\/types\/post"}],"author":[{"embeddable":true,"href":"https:\/\/agora.xtec.cat\/escolapablopicasso\/wp-json\/wp\/v2\/users\/1"}],"replies":[{"embeddable":true,"href":"https:\/\/agora.xtec.cat\/escolapablopicasso\/wp-json\/wp\/v2\/comments?post=5711"}],"version-history":[{"count":3,"href":"https:\/\/agora.xtec.cat\/escolapablopicasso\/wp-json\/wp\/v2\/posts\/5711\/revisions"}],"predecessor-version":[{"id":5741,"href":"https:\/\/agora.xtec.cat\/escolapablopicasso\/wp-json\/wp\/v2\/posts\/5711\/revisions\/5741"}],"wp:featuredmedia":[{"embeddable":true,"href":"https:\/\/agora.xtec.cat\/escolapablopicasso\/wp-json\/wp\/v2\/media\/5712"}],"wp:attachment":[{"href":"https:\/\/agora.xtec.cat\/escolapablopicasso\/wp-json\/wp\/v2\/media?parent=5711"}],"wp:term":[{"taxonomy":"category","embeddable":true,"href":"https:\/\/agora.xtec.cat\/escolapablopicasso\/wp-json\/wp\/v2\/categories?post=5711"},{"taxonomy":"post_tag","embeddable":true,"href":"https:\/\/agora.xtec.cat\/escolapablopicasso\/wp-json\/wp\/v2\/tags?post=5711"}],"curies":[{"name":"wp","href":"https:\/\/api.w.org\/{rel}","templated":true}]}}