{"id":5698,"date":"2020-07-01T09:00:47","date_gmt":"2020-07-01T07:00:47","guid":{"rendered":"http:\/\/agora.xtec.cat\/escolapablopicasso\/?p=5698"},"modified":"2020-08-29T00:18:19","modified_gmt":"2020-08-28T22:18:19","slug":"bon-estiu-3","status":"publish","type":"post","link":"https:\/\/agora.xtec.cat\/escolapablopicasso\/general\/bon-estiu-3\/","title":{"rendered":"BON ESTIU!!!"},"content":{"rendered":"<p>Benvolgudes fam\u00edlies,<\/p>\n<p>En nom de tota la Comunitat Educativa de l\u2019escola Pablo Picasso us volem fer arribar aquest petit reconeixement&#8230;<\/p>\n<p>Moltes gr\u00e0cies a totes les fam\u00edlies pel recolzament que hem rebut en l\u2019acompanyament escolar durant tot el temps que hem estat confinats i tamb\u00e9 gr\u00e0cies als vostres fills i filles, els grans protagonistes, per haver-se adaptat a la situaci\u00f3 de cada moment. S\u00f3n uns campions!<\/p>\n<p>Sense els seus somriures i abra\u00e7ades di\u00e0ries, sense els seus crits i rialles, sense la seva pres\u00e8ncia al nostre costat ha sigut tot m\u00e9s dif\u00edcil, per\u00f2, encara i aix\u00ed, hem superat el repte!!!!<\/p>\n<p>Gr\u00e0cies a tots i a totes. Ens tornem a trobar al setembre!!!<\/p>\n<p>US DESITGEM QUE GAUDIU MOLT DE L\u2019ESTIU!!!<\/p>\n<p><a href=\"https:\/\/agora.xtec.cat\/escolapablopicasso\/wp-content\/uploads\/usu295\/2020\/07\/BON-ESTIU.png\"><img loading=\"lazy\" decoding=\"async\" class=\"aligncenter wp-image-5699\" src=\"https:\/\/agora.xtec.cat\/escolapablopicasso\/wp-content\/uploads\/usu295\/2020\/07\/BON-ESTIU.png\" alt=\"\" width=\"488\" height=\"471\" srcset=\"https:\/\/agora.xtec.cat\/escolapablopicasso\/wp-content\/uploads\/usu295\/2020\/07\/BON-ESTIU.png 590w, https:\/\/agora.xtec.cat\/escolapablopicasso\/wp-content\/uploads\/usu295\/2020\/07\/BON-ESTIU-300x290.png 300w\" sizes=\"auto, (max-width: 488px) 100vw, 488px\" \/><\/a><\/p>\n","protected":false},"excerpt":{"rendered":"<p>Benvolgudes fam\u00edlies,<br \/>\nEn nom de tota la Comunitat Educativa de l\u2019escola Pablo Picasso us volem fer arribar aquest petit reconeixement&#8230;<br \/>\nMoltes gr\u00e0cies a totes les fam\u00edlies pel recolzament que hem rebut en l\u2019acompanyament escolar durant tot el temps que hem estat confinats i tamb\u00e9 gr\u00e0cies als vostres&hellip;  <a href=\"https:\/\/agora.xtec.cat\/escolapablopicasso\/general\/bon-estiu-3\/\" title=\"Read BON ESTIU!!!\">Llegeix m\u00e9s\u00bb<\/a><\/p>\n","protected":false},"author":5,"featured_media":5699,"comment_status":"open","ping_status":"closed","sticky":false,"template":"","format":"standard","meta":{"_bbp_topic_count":0,"_bbp_reply_count":0,"_bbp_total_topic_count":0,"_bbp_total_reply_count":0,"_bbp_voice_count":0,"_bbp_anonymous_reply_count":0,"_bbp_topic_count_hidden":0,"_bbp_reply_count_hidden":0,"_bbp_forum_subforum_count":0,"footnotes":""},"categories":[1,2,4,5],"tags":[],"class_list":["post-5698","post","type-post","status-publish","format-standard","has-post-thumbnail","hentry","category-general","category-infantil","category-portada","category-primaria"],"post_mailing_queue_ids":[],"_links":{"self":[{"href":"https:\/\/agora.xtec.cat\/escolapablopicasso\/wp-json\/wp\/v2\/posts\/5698","targetHints":{"allow":["GET"]}}],"collection":[{"href":"https:\/\/agora.xtec.cat\/escolapablopicasso\/wp-json\/wp\/v2\/posts"}],"about":[{"href":"https:\/\/agora.xtec.cat\/escolapablopicasso\/wp-json\/wp\/v2\/types\/post"}],"author":[{"embeddable":true,"href":"https:\/\/agora.xtec.cat\/escolapablopicasso\/wp-json\/wp\/v2\/users\/5"}],"replies":[{"embeddable":true,"href":"https:\/\/agora.xtec.cat\/escolapablopicasso\/wp-json\/wp\/v2\/comments?post=5698"}],"version-history":[{"count":2,"href":"https:\/\/agora.xtec.cat\/escolapablopicasso\/wp-json\/wp\/v2\/posts\/5698\/revisions"}],"predecessor-version":[{"id":5701,"href":"https:\/\/agora.xtec.cat\/escolapablopicasso\/wp-json\/wp\/v2\/posts\/5698\/revisions\/5701"}],"wp:featuredmedia":[{"embeddable":true,"href":"https:\/\/agora.xtec.cat\/escolapablopicasso\/wp-json\/wp\/v2\/media\/5699"}],"wp:attachment":[{"href":"https:\/\/agora.xtec.cat\/escolapablopicasso\/wp-json\/wp\/v2\/media?parent=5698"}],"wp:term":[{"taxonomy":"category","embeddable":true,"href":"https:\/\/agora.xtec.cat\/escolapablopicasso\/wp-json\/wp\/v2\/categories?post=5698"},{"taxonomy":"post_tag","embeddable":true,"href":"https:\/\/agora.xtec.cat\/escolapablopicasso\/wp-json\/wp\/v2\/tags?post=5698"}],"curies":[{"name":"wp","href":"https:\/\/api.w.org\/{rel}","templated":true}]}}