{"id":5694,"date":"2020-06-26T01:48:14","date_gmt":"2020-06-25T23:48:14","guid":{"rendered":"http:\/\/agora.xtec.cat\/escolapablopicasso\/?p=5694"},"modified":"2020-06-26T01:48:14","modified_gmt":"2020-06-25T23:48:14","slug":"bon-estiu-2","status":"publish","type":"post","link":"https:\/\/agora.xtec.cat\/escolapablopicasso\/general\/bon-estiu-2\/","title":{"rendered":"Bon estiu"},"content":{"rendered":"<p style=\"text-align: center\">Avui\u00a0 tanquem un curs diferent. Un curs on hem gaudit de valent de tots els infants de l&#8217;escola per\u00f2 nosaltres especialment de les petites personetes que omplien cada rac\u00f3 dels passadissos, les aules i el pati d&#8217;infantil.<\/p>\n<p>Un curs que no oblidarem f\u00e0cilment ni petits ni grans. El curs dels infants confinats. El curs que es va acabar de cop a les aules per\u00f2 que gr\u00e0cies a l&#8217;empenta, les ganes\u00a0 i les inquietuts dels infants i les fam\u00edlies vau fer que continu\u00e9s a casa. Que no es perd\u00e9s el fil d&#8217;infants i escola.<\/p>\n<p>Els comiats mai agraden tot i que cada any sabem que darrera d&#8217;aquest comiat venen les vacances d&#8217;estiu. Aquest\u00a0 \u00a0any ens falten les abra\u00e7ades i els petons, una pica d&#8217;ull o el xocar la m\u00e0 a la porta l&#8217;\u00faltim dia abans de sortir de la classe. Ens falta el caliu de les persones per\u00f2 nosaltres ten\u00edem decidit que vol\u00edem estar aprop vostre d&#8217;alguna manera.<\/p>\n<p>Nom\u00e9s ens queda desitjar-vos BON ESTIU gaudiu de cada moment, ompliu la motxilla d&#8217;experi\u00e8ncies i bons moments i us esperem amb el bra\u00e7os oberts a la tornada&#8230;<\/p>\n<p>Els mestres d&#8217;infantil<\/p>\n<p><iframe loading=\"lazy\" title=\"Comiat curs 19-20 infantil\" width=\"500\" height=\"281\" src=\"https:\/\/www.youtube.com\/embed\/IrLxlj2Wlgo?feature=oembed\" frameborder=\"0\" allow=\"accelerometer; autoplay; clipboard-write; encrypted-media; gyroscope; picture-in-picture; web-share\" referrerpolicy=\"strict-origin-when-cross-origin\" allowfullscreen><\/iframe><\/p>\n","protected":false},"excerpt":{"rendered":"<p>Avui\u00a0 tanquem un curs diferent. Un curs on hem gaudit de valent de tots els infants de l&#8217;escola per\u00f2 nosaltres especialment de les petites personetes que omplien cada rac\u00f3 dels passadissos, les aules i el pati d&#8217;infantil.<br \/>\nUn curs que no oblidarem f\u00e0cilment ni petits ni&hellip;  <a href=\"https:\/\/agora.xtec.cat\/escolapablopicasso\/general\/bon-estiu-2\/\" title=\"Read Bon estiu\">Llegeix m\u00e9s\u00bb<\/a><\/p>\n","protected":false},"author":4,"featured_media":5696,"comment_status":"open","ping_status":"closed","sticky":false,"template":"","format":"standard","meta":{"_bbp_topic_count":0,"_bbp_reply_count":0,"_bbp_total_topic_count":0,"_bbp_total_reply_count":0,"_bbp_voice_count":0,"_bbp_anonymous_reply_count":0,"_bbp_topic_count_hidden":0,"_bbp_reply_count_hidden":0,"_bbp_forum_subforum_count":0,"footnotes":""},"categories":[1,3,8,9,2],"tags":[],"class_list":["post-5694","post","type-post","status-publish","format-standard","has-post-thumbnail","hentry","category-general","category-i3","category-i4","category-i5","category-infantil"],"post_mailing_queue_ids":[],"_links":{"self":[{"href":"https:\/\/agora.xtec.cat\/escolapablopicasso\/wp-json\/wp\/v2\/posts\/5694","targetHints":{"allow":["GET"]}}],"collection":[{"href":"https:\/\/agora.xtec.cat\/escolapablopicasso\/wp-json\/wp\/v2\/posts"}],"about":[{"href":"https:\/\/agora.xtec.cat\/escolapablopicasso\/wp-json\/wp\/v2\/types\/post"}],"author":[{"embeddable":true,"href":"https:\/\/agora.xtec.cat\/escolapablopicasso\/wp-json\/wp\/v2\/users\/4"}],"replies":[{"embeddable":true,"href":"https:\/\/agora.xtec.cat\/escolapablopicasso\/wp-json\/wp\/v2\/comments?post=5694"}],"version-history":[{"count":2,"href":"https:\/\/agora.xtec.cat\/escolapablopicasso\/wp-json\/wp\/v2\/posts\/5694\/revisions"}],"predecessor-version":[{"id":5697,"href":"https:\/\/agora.xtec.cat\/escolapablopicasso\/wp-json\/wp\/v2\/posts\/5694\/revisions\/5697"}],"wp:featuredmedia":[{"embeddable":true,"href":"https:\/\/agora.xtec.cat\/escolapablopicasso\/wp-json\/wp\/v2\/media\/5696"}],"wp:attachment":[{"href":"https:\/\/agora.xtec.cat\/escolapablopicasso\/wp-json\/wp\/v2\/media?parent=5694"}],"wp:term":[{"taxonomy":"category","embeddable":true,"href":"https:\/\/agora.xtec.cat\/escolapablopicasso\/wp-json\/wp\/v2\/categories?post=5694"},{"taxonomy":"post_tag","embeddable":true,"href":"https:\/\/agora.xtec.cat\/escolapablopicasso\/wp-json\/wp\/v2\/tags?post=5694"}],"curies":[{"name":"wp","href":"https:\/\/api.w.org\/{rel}","templated":true}]}}