{"id":5684,"date":"2020-06-22T20:24:17","date_gmt":"2020-06-22T18:24:17","guid":{"rendered":"http:\/\/agora.xtec.cat\/escolapablopicasso\/?p=5684"},"modified":"2020-06-22T20:26:53","modified_gmt":"2020-06-22T18:26:53","slug":"neda-bombolla","status":"publish","type":"post","link":"https:\/\/agora.xtec.cat\/escolapablopicasso\/general\/neda-bombolla\/","title":{"rendered":"Neda Bombolla!"},"content":{"rendered":"<p>Hola petites i petits!<\/p>\n<p>Avui us vull explicar el pen\u00faltim conte d&#8217;aquest curs. Un conte molt especial escrit per uns autors i autores que em van robar el cor des del primer moment que els vaig con\u00e9ixer al setembre.<\/p>\n<p>Uns infants que formen un gran equip, que s&#8217;engresquen amb qualsevol proposta, que m&#8217;han demostrat que s\u00f3n grans escriptors\/es,\u00a0 genials il.lustradors\/es, per\u00f2 encara m&#8217;han demostrat una altra cosa&#8230; jo crec la m\u00e9s important, que tenen una de les eines m\u00e9s fabuloses en aquest m\u00f3n per un nen o una nena, LA IMAGINACI\u00d3.<\/p>\n<p>Aqu\u00ed us deixo aquest conte en una edici\u00f3 especial&#8230; una edici\u00f3 molt nostra, de la classe dels Peixos Globus, on moltes de les paraules que surten nom\u00e9s cobren sentit per a tots i totes els que hem viscut un curs tan especial com aquest curs 19-20!<\/p>\n<p>Nom\u00e9s us puc dir ENHORABONA i GR\u00c0CIES petits gegants per ser aix\u00ed!<\/p>\n<p><iframe loading=\"lazy\" title=\"Neda Bombolla!\" width=\"500\" height=\"281\" src=\"https:\/\/www.youtube.com\/embed\/M20bwj0DpFw?feature=oembed\" frameborder=\"0\" allow=\"accelerometer; autoplay; clipboard-write; encrypted-media; gyroscope; picture-in-picture; web-share\" referrerpolicy=\"strict-origin-when-cross-origin\" allowfullscreen><\/iframe><\/p>\n","protected":false},"excerpt":{"rendered":"<p>Hola petites i petits!<br \/>\nAvui us vull explicar el pen\u00faltim conte d&#8217;aquest curs. Un conte molt especial escrit per uns autors i autores que em van robar el cor des del primer moment que els vaig con\u00e9ixer al setembre.<br \/>\nUns infants que formen un gran equip, que&hellip;  <a href=\"https:\/\/agora.xtec.cat\/escolapablopicasso\/general\/neda-bombolla\/\" title=\"Read Neda Bombolla!\">Llegeix m\u00e9s\u00bb<\/a><\/p>\n","protected":false},"author":4,"featured_media":5685,"comment_status":"open","ping_status":"closed","sticky":false,"template":"","format":"standard","meta":{"_bbp_topic_count":0,"_bbp_reply_count":0,"_bbp_total_topic_count":0,"_bbp_total_reply_count":0,"_bbp_voice_count":0,"_bbp_anonymous_reply_count":0,"_bbp_topic_count_hidden":0,"_bbp_reply_count_hidden":0,"_bbp_forum_subforum_count":0,"footnotes":""},"categories":[1,8,2],"tags":[],"class_list":["post-5684","post","type-post","status-publish","format-standard","has-post-thumbnail","hentry","category-general","category-i4","category-infantil"],"post_mailing_queue_ids":[],"_links":{"self":[{"href":"https:\/\/agora.xtec.cat\/escolapablopicasso\/wp-json\/wp\/v2\/posts\/5684","targetHints":{"allow":["GET"]}}],"collection":[{"href":"https:\/\/agora.xtec.cat\/escolapablopicasso\/wp-json\/wp\/v2\/posts"}],"about":[{"href":"https:\/\/agora.xtec.cat\/escolapablopicasso\/wp-json\/wp\/v2\/types\/post"}],"author":[{"embeddable":true,"href":"https:\/\/agora.xtec.cat\/escolapablopicasso\/wp-json\/wp\/v2\/users\/4"}],"replies":[{"embeddable":true,"href":"https:\/\/agora.xtec.cat\/escolapablopicasso\/wp-json\/wp\/v2\/comments?post=5684"}],"version-history":[{"count":2,"href":"https:\/\/agora.xtec.cat\/escolapablopicasso\/wp-json\/wp\/v2\/posts\/5684\/revisions"}],"predecessor-version":[{"id":5687,"href":"https:\/\/agora.xtec.cat\/escolapablopicasso\/wp-json\/wp\/v2\/posts\/5684\/revisions\/5687"}],"wp:featuredmedia":[{"embeddable":true,"href":"https:\/\/agora.xtec.cat\/escolapablopicasso\/wp-json\/wp\/v2\/media\/5685"}],"wp:attachment":[{"href":"https:\/\/agora.xtec.cat\/escolapablopicasso\/wp-json\/wp\/v2\/media?parent=5684"}],"wp:term":[{"taxonomy":"category","embeddable":true,"href":"https:\/\/agora.xtec.cat\/escolapablopicasso\/wp-json\/wp\/v2\/categories?post=5684"},{"taxonomy":"post_tag","embeddable":true,"href":"https:\/\/agora.xtec.cat\/escolapablopicasso\/wp-json\/wp\/v2\/tags?post=5684"}],"curies":[{"name":"wp","href":"https:\/\/api.w.org\/{rel}","templated":true}]}}