{"id":5583,"date":"2020-06-09T22:05:36","date_gmt":"2020-06-09T20:05:36","guid":{"rendered":"http:\/\/agora.xtec.cat\/escolapablopicasso\/?p=5583"},"modified":"2020-06-09T22:07:55","modified_gmt":"2020-06-09T20:07:55","slug":"beques-de-menjador-curs-2020-21","status":"publish","type":"post","link":"https:\/\/agora.xtec.cat\/escolapablopicasso\/general\/beques-de-menjador-curs-2020-21\/","title":{"rendered":"BEQUES DE MENJADOR CURS 2020-21"},"content":{"rendered":"<p>Benvolgudes fam\u00edlies,<\/p>\n<p>Us adjuntem aquesta informaci\u00f3 rebuda des de l&#8217;Ajuntament de Barber\u00e0 del Vall\u00e8s sobre <strong>beques de menjador<\/strong> pel proper curs 2020-2021.<\/p>\n<p>El termini de presentaci\u00f3 de sol\u00b7licituds \u00e9s del <strong>8 al 26 de juny<\/strong>.<\/p>\n<p>Enguany s&#8217;han separat els ajuts de menjador i de material. Aviat sortir\u00e0 la corresponent convocat\u00f2ria de material.<\/p>\n<p><a href=\"https:\/\/agora.xtec.cat\/escolapablopicasso\/wp-content\/uploads\/usu295\/2020\/06\/informaci\u00f3-beques-Menjador-BdV-20-21.jpg\"><img loading=\"lazy\" decoding=\"async\" class=\"aligncenter size-full wp-image-5585\" src=\"https:\/\/agora.xtec.cat\/escolapablopicasso\/wp-content\/uploads\/usu295\/2020\/06\/informaci\u00f3-beques-Menjador-BdV-20-21.jpg\" alt=\"\" width=\"1265\" height=\"890\" srcset=\"https:\/\/agora.xtec.cat\/escolapablopicasso\/wp-content\/uploads\/usu295\/2020\/06\/informaci\u00f3-beques-Menjador-BdV-20-21.jpg 1265w, https:\/\/agora.xtec.cat\/escolapablopicasso\/wp-content\/uploads\/usu295\/2020\/06\/informaci\u00f3-beques-Menjador-BdV-20-21-300x211.jpg 300w, https:\/\/agora.xtec.cat\/escolapablopicasso\/wp-content\/uploads\/usu295\/2020\/06\/informaci\u00f3-beques-Menjador-BdV-20-21-768x540.jpg 768w, https:\/\/agora.xtec.cat\/escolapablopicasso\/wp-content\/uploads\/usu295\/2020\/06\/informaci\u00f3-beques-Menjador-BdV-20-21-1024x720.jpg 1024w\" sizes=\"auto, (max-width: 1265px) 100vw, 1265px\" \/><\/a><\/p>\n","protected":false},"excerpt":{"rendered":"<p>Benvolgudes fam\u00edlies,<br \/>\nUs adjuntem aquesta informaci\u00f3 rebuda des de l&#8217;Ajuntament de Barber\u00e0 del Vall\u00e8s sobre beques de menjador pel proper curs 2020-2021.<br \/>\nEl termini de presentaci\u00f3 de sol\u00b7licituds \u00e9s del 8 al 26 de juny.<br \/>\nEnguany s&#8217;han separat els ajuts de menjador i de material. Aviat sortir\u00e0 la&hellip;  <a href=\"https:\/\/agora.xtec.cat\/escolapablopicasso\/general\/beques-de-menjador-curs-2020-21\/\" title=\"Read BEQUES DE MENJADOR CURS 2020-21\">Llegeix m\u00e9s\u00bb<\/a><\/p>\n","protected":false},"author":5,"featured_media":5584,"comment_status":"open","ping_status":"closed","sticky":false,"template":"","format":"standard","meta":{"_bbp_topic_count":0,"_bbp_reply_count":0,"_bbp_total_topic_count":0,"_bbp_total_reply_count":0,"_bbp_voice_count":0,"_bbp_anonymous_reply_count":0,"_bbp_topic_count_hidden":0,"_bbp_reply_count_hidden":0,"_bbp_forum_subforum_count":0,"footnotes":""},"categories":[1,4],"tags":[],"class_list":["post-5583","post","type-post","status-publish","format-standard","has-post-thumbnail","hentry","category-general","category-portada"],"post_mailing_queue_ids":[],"_links":{"self":[{"href":"https:\/\/agora.xtec.cat\/escolapablopicasso\/wp-json\/wp\/v2\/posts\/5583","targetHints":{"allow":["GET"]}}],"collection":[{"href":"https:\/\/agora.xtec.cat\/escolapablopicasso\/wp-json\/wp\/v2\/posts"}],"about":[{"href":"https:\/\/agora.xtec.cat\/escolapablopicasso\/wp-json\/wp\/v2\/types\/post"}],"author":[{"embeddable":true,"href":"https:\/\/agora.xtec.cat\/escolapablopicasso\/wp-json\/wp\/v2\/users\/5"}],"replies":[{"embeddable":true,"href":"https:\/\/agora.xtec.cat\/escolapablopicasso\/wp-json\/wp\/v2\/comments?post=5583"}],"version-history":[{"count":1,"href":"https:\/\/agora.xtec.cat\/escolapablopicasso\/wp-json\/wp\/v2\/posts\/5583\/revisions"}],"predecessor-version":[{"id":5586,"href":"https:\/\/agora.xtec.cat\/escolapablopicasso\/wp-json\/wp\/v2\/posts\/5583\/revisions\/5586"}],"wp:featuredmedia":[{"embeddable":true,"href":"https:\/\/agora.xtec.cat\/escolapablopicasso\/wp-json\/wp\/v2\/media\/5584"}],"wp:attachment":[{"href":"https:\/\/agora.xtec.cat\/escolapablopicasso\/wp-json\/wp\/v2\/media?parent=5583"}],"wp:term":[{"taxonomy":"category","embeddable":true,"href":"https:\/\/agora.xtec.cat\/escolapablopicasso\/wp-json\/wp\/v2\/categories?post=5583"},{"taxonomy":"post_tag","embeddable":true,"href":"https:\/\/agora.xtec.cat\/escolapablopicasso\/wp-json\/wp\/v2\/tags?post=5583"}],"curies":[{"name":"wp","href":"https:\/\/api.w.org\/{rel}","templated":true}]}}