{"id":5519,"date":"2020-05-29T19:02:26","date_gmt":"2020-05-29T17:02:26","guid":{"rendered":"http:\/\/agora.xtec.cat\/escolapablopicasso\/?p=5519"},"modified":"2020-06-09T14:49:00","modified_gmt":"2020-06-09T12:49:00","slug":"comunicat-reobertura-de-centre-juny-2020","status":"publish","type":"post","link":"https:\/\/agora.xtec.cat\/escolapablopicasso\/general\/comunicat-reobertura-de-centre-juny-2020\/","title":{"rendered":"COMUNICAT REOBERTURA DE CENTRE JUNY 2020"},"content":{"rendered":"<p><span style=\"font-weight: 400;\">Benvolgudes fam\u00edlies,<\/span><\/p>\n<p><span style=\"font-weight: 400;\">Davant de la reobertura de l\u2019escola, un cop arribada la 2\u00aa fase de desconfinament, la rebuda d\u2019infants queda establerta de la seg\u00fcent manera:<\/span><\/p>\n<ul>\n<li style=\"font-weight: 400;\"><b>Educaci\u00f3 Infantil.<\/b><span style=\"font-weight: 400;\"> L\u2019alumnat que ha confirmat l\u2019assist\u00e8ncia (davant el seu dret reconegut) segons els requisits demanats pel Departament (Educaci\u00f3 i Sanitat), podran venir del 8 al 19 de juny en horari de 9 a 13h.<\/span><\/li>\n<li style=\"font-weight: 400;\"><b>6\u00e8.<\/b><span style=\"font-weight: 400;\"> L\u2019alumnat que volunt\u00e0riament ho desitgi, podr\u00e0 venir un dia en horari i data que pr\u00e8viament li far\u00e0 arribar la seva tutora. (Es faran grups que mai superaran els 13 alumnes alhora).<\/span><\/li>\n<li style=\"font-weight: 400;\"><b>Alumnat de prim\u00e0ria de 1r. a 5\u00e8.<\/b><span style=\"font-weight: 400;\"> Ser\u00e0 igual que l\u2019alumnat de 6\u00e8 per\u00f2 l\u2019assist\u00e8ncia ser\u00e0 aproximadament de mitja hora.<\/span><\/li>\n<\/ul>\n<p><span style=\"font-weight: 400;\">La <\/span><b>finalitat<\/b><span style=\"font-weight: 400;\"> d\u2019assist\u00e8ncia a <\/span><b>educaci\u00f3 infantil<\/b><span style=\"font-weight: 400;\">, ser\u00e0 la guarda per conciliaci\u00f3 familiar. Pel que fa a la <\/span><b>prim\u00e0ria<\/b><span style=\"font-weight: 400;\">, en el cas de 6\u00e8 ser\u00e0 per poder oferir un acompanyament i tancament de la seva etapa a la nostra escola. Per la resta de prim\u00e0ria, oferim l\u2019oportunitat de fer un petit acomiadament fins al setembre.<\/span><\/p>\n<p><span style=\"font-weight: 400;\">En tots els casos, <\/span><b>no podem garantir que l\u2019alumnat es trobi amb la seva tutora.<\/b><\/p>\n<p><span style=\"font-weight: 400;\">Tots els infants entraran per la porta principal del C\/ Can\u00e0ries i sortiran per la del C\/ N\u00e0pols per garantir la m\u00e0xima seguretat.\u00a0<\/span><\/p>\n<p><span style=\"font-weight: 400;\">La setmana vinent rebreu un av\u00eds quan es publiqui en la nostra web, el Pla de reobertura que cada centre ha d\u2019elaborar, previ a l\u2019entrada de tots els infants i personal del centre (seguint recomanacions del PROCICAT aprovades en data 20 de maig de 2020). Aquest Pla garantir\u00e0 totes les mesures de seguretat establertes.<\/span><\/p>\n<p><span style=\"font-weight: 400;\">En resposta a algunes demandes rebudes darrerament, per venir a recollir els llibres i material dels vostres fills\/es us hem de dir que <\/span><span style=\"font-weight: 400;\">no \u00e9s possible<\/span><span style=\"font-weight: 400;\"> (amb les indicacions que tenim actualment)<\/span><\/p>\n<p><span style=\"font-weight: 400;\">El que ens marca el Departament \u00e9s:<\/span><\/p>\n<p><i><span style=\"font-weight: 400;\">\u201cAtenci\u00f3 tutorial en grups redu\u00efts d\u2019alumnes en qualsevol curs o nivell, <\/span><\/i><i><span style=\"font-weight: 400;\">quan es cregui necessari. Aquesta \u00e9s una mesura de car\u00e0cter no continu, puntual i compatible amb l\u2019atenci\u00f3 personalitzada\u201d.<\/span><\/i><\/p>\n<p><span style=\"font-weight: 400;\">Des del centre oferim l\u2019opci\u00f3 de venir a acomiadar-se dels mestres de l\u2019escola als <\/span><span style=\"font-weight: 400;\">infants que vulguin i puguin<\/span><span style=\"font-weight: 400;\">.<\/span> <span style=\"font-weight: 400;\">Aprofitant l\u2019estada, hem pensat que poden emportar-se algun objecte o estri personal que roman al centre: bates, motxilles&#8230; No parlem de llibres o feines ja que quedaran al centre per fer-los servir el curs vinent. Si els infants no poden venir, no passa res, per\u00f2, la nostra pr\u00f2pia realitat de personal disponible i l\u2019organitzaci\u00f3 a seguir, no ens permet gestionar la recollida d\u2019aules i quedar amb els pares per repartir materials.<\/span><\/p>\n<p><span style=\"font-weight: 400;\">Aclarim que ens deixen obrir l\u2019escola nom\u00e9s els dies que venen infants i en la seva franja hor\u00e0ria; no podem ser al centre m\u00e9s de 10 adults a la vegada i tenim un munt de mestres que no poden venir per diferents situacions (baixes, personal de risc\/ vulnerabilitat, &#8230;). Els pocs mestres que hi poden anar han d\u2019estar atenent als infants que desitgin venir i hauran de marxar del centre el m\u00e9s aviat possible un cop que els alumnes marxin a casa i s\u2019hagi desinfectat les joguines\/materials que s\u2019han fet servir durant el mat\u00ed, si s\u2019escau.\u00a0<\/span><\/p>\n<p><span style=\"font-weight: 400;\">Degut a totes aquestes limitacions no tenim temps ni personal per poder fer aquesta feina. <\/span><b>Tot quedar\u00e0 a les aules tal com est\u00e0 fins al setembre<\/b><span style=\"font-weight: 400;\">.<\/span><\/p>\n<p><span style=\"font-weight: 400;\">Tamb\u00e9 s\u2019ha plantejat si els pares poden pujar a les aules a recollir aquest material i acomiadar-se del professorat. La resposta s\u2019acull a tot l\u2019esmentat anteriorment. Penseu que la mestra\/e que acompanyi als infants sortir\u00e0 fins la porta i all\u00e0 tindreu un moment per poder-vos acomiadar.<\/span><\/p>\n<p><span style=\"font-weight: 400;\">Gr\u00e0cies per la vostra paci\u00e8ncia i col\u00b7laboraci\u00f3.<\/span><\/p>\n<p><span style=\"font-weight: 400;\">Atentament,<\/span><\/p>\n<p style=\"text-align: right;\"><span style=\"font-weight: 400;\">Equip Directiu<\/span><\/p>\n<p style=\"text-align: right;\"><span style=\"font-weight: 400;\">Barber\u00e0 del Vall\u00e8s, 29 de maig de 2020<\/span><\/p>\n","protected":false},"excerpt":{"rendered":"<p>Benvolgudes fam\u00edlies,<br \/>\nDavant de la reobertura de l\u2019escola, un cop arribada la 2\u00aa fase de desconfinament, la rebuda d\u2019infants queda establerta de la seg\u00fcent manera:<\/p>\n<ul>\n<li style=\"font-weight: 400;\">Educaci\u00f3 Infantil. L\u2019alumnat que ha confirmat l\u2019assist\u00e8ncia (davant el seu dret reconegut) segons els requisits demanats pel Departament (Educaci\u00f3 i&hellip;  <a href=\"https:\/\/agora.xtec.cat\/escolapablopicasso\/general\/comunicat-reobertura-de-centre-juny-2020\/\" title=\"Read COMUNICAT REOBERTURA DE CENTRE JUNY 2020\">Llegeix m\u00e9s\u00bb<\/a><br \/>\n","protected":false},"author":5,"featured_media":5578,"comment_status":"open","ping_status":"closed","sticky":false,"template":"","format":"standard","meta":{"_bbp_topic_count":0,"_bbp_reply_count":0,"_bbp_total_topic_count":0,"_bbp_total_reply_count":0,"_bbp_voice_count":0,"_bbp_anonymous_reply_count":0,"_bbp_topic_count_hidden":0,"_bbp_reply_count_hidden":0,"_bbp_forum_subforum_count":0,"footnotes":""},"categories":[1,4],"tags":[],"class_list":["post-5519","post","type-post","status-publish","format-standard","has-post-thumbnail","hentry","category-general","category-portada"],"post_mailing_queue_ids":[],"_links":{"self":[{"href":"https:\/\/agora.xtec.cat\/escolapablopicasso\/wp-json\/wp\/v2\/posts\/5519","targetHints":{"allow":["GET"]}}],"collection":[{"href":"https:\/\/agora.xtec.cat\/escolapablopicasso\/wp-json\/wp\/v2\/posts"}],"about":[{"href":"https:\/\/agora.xtec.cat\/escolapablopicasso\/wp-json\/wp\/v2\/types\/post"}],"author":[{"embeddable":true,"href":"https:\/\/agora.xtec.cat\/escolapablopicasso\/wp-json\/wp\/v2\/users\/5"}],"replies":[{"embeddable":true,"href":"https:\/\/agora.xtec.cat\/escolapablopicasso\/wp-json\/wp\/v2\/comments?post=5519"}],"version-history":[{"count":3,"href":"https:\/\/agora.xtec.cat\/escolapablopicasso\/wp-json\/wp\/v2\/posts\/5519\/revisions"}],"predecessor-version":[{"id":5522,"href":"https:\/\/agora.xtec.cat\/escolapablopicasso\/wp-json\/wp\/v2\/posts\/5519\/revisions\/5522"}],"wp:featuredmedia":[{"embeddable":true,"href":"https:\/\/agora.xtec.cat\/escolapablopicasso\/wp-json\/wp\/v2\/media\/5578"}],"wp:attachment":[{"href":"https:\/\/agora.xtec.cat\/escolapablopicasso\/wp-json\/wp\/v2\/media?parent=5519"}],"wp:term":[{"taxonomy":"category","embeddable":true,"href":"https:\/\/agora.xtec.cat\/escolapablopicasso\/wp-json\/wp\/v2\/categories?post=5519"},{"taxonomy":"post_tag","embeddable":true,"href":"https:\/\/agora.xtec.cat\/escolapablopicasso\/wp-json\/wp\/v2\/tags?post=5519"}],"curies":[{"name":"wp","href":"https:\/\/api.w.org\/{rel}","templated":true}]}}