{"id":5514,"date":"2020-05-29T18:33:38","date_gmt":"2020-05-29T16:33:38","guid":{"rendered":"http:\/\/agora.xtec.cat\/escolapablopicasso\/?p=5514"},"modified":"2020-06-09T20:35:31","modified_gmt":"2020-06-09T18:35:31","slug":"consulta-del-barem-provisional-preinscripcio-2020-2021","status":"publish","type":"post","link":"https:\/\/agora.xtec.cat\/escolapablopicasso\/general\/consulta-del-barem-provisional-preinscripcio-2020-2021\/","title":{"rendered":"CONSULTA DEL BAREM PROVISIONAL (PREINSCRIPCI\u00d3 2020-2021)"},"content":{"rendered":"<p>Us informem que ja podeu consultar telem\u00e0ticament la puntuaci\u00f3 provisional obtinguda en la preinscripci\u00f3, corresponent al curs 2020-2021, accedint a <a href=\"http:\/\/www.preinscripcio.gencat.cat\/\" target=\"_blank\" rel=\"noopener noreferrer\" data-saferedirecturl=\"https:\/\/www.google.com\/url?q=http:\/\/www.preinscripcio.gencat.cat&amp;source=gmail&amp;ust=1590840989194000&amp;usg=AFQjCNFWk-smXL2lZHmH6-17GCQH-d7j2g\">www.preinscripcio.gencat.cat<\/a>, opci\u00f3 &#8220;consulta de resultats&#8221; dels ensenyaments corresponents.<\/p>\n<p>Per a la consulta necessitareu el n\u00famero del document d&#8217;identificaci\u00f3 personal (DNI, NIE o passaport) del tutor\/a que s&#8217;ha indicat a la sol\u00b7licitud com a referent per fer les consultes o de l&#8217;alumne\/a (si \u00e9s major d&#8217;edat) i el codi de la vostra sol\u00b7licitud de preinscripci\u00f3 PRE20-21XXXXXXXX<\/p>\n<p>Tamb\u00e9 podeu consultar la llista anonimitzada de sol\u00b7licituds de preinscripci\u00f3 amb la puntuaci\u00f3 provisional <a href=\"https:\/\/agora.xtec.cat\/escolapablopicasso\/preinscripcio-curs-2020-2021\/barem-provisional\/llistat-amb-puntuacio-provisional\/\">aqu\u00ed<\/a> (en aquest llistat hi ha errors inform\u00e0tics, s&#8217;est\u00e0 treballant per resoldre&#8217;ls)<\/p>\n<p>\u00c9s important que verifiqueu que les dades s\u00f3n correctes i si hi ha alguna errada, presenteu una reclamaci\u00f3 per correu electr\u00f2nic a <a href=\"mailto:a8039641@xtec.cat\">a8039641@xtec.cat.<\/a> Tamb\u00e9 es pot fer la reclamaci\u00f3 presencialment (demanant cita pr\u00e8via trucant al 937 18 45 90 ) els dies <span style=\"font-family: inherit; font-size: 1em;\">3, 4 i 5 de juny.<\/span><\/p>\n<p>&nbsp;<\/p>\n<p><img decoding=\"async\" class=\"aligncenter\" src=\"https:\/\/i2.wp.com\/www.consolaciotortosa.com\/wp-content\/uploads\/2020\/05\/botes-de-pinturas-378x350-1.jpg?fit=378%2C350&amp;ssl=1\" alt=\"Preinscripci\u00f3 2020-21\" \/><\/p>\n","protected":false},"excerpt":{"rendered":"<p>Us informem que ja podeu consultar telem\u00e0ticament la puntuaci\u00f3 provisional obtinguda en la preinscripci\u00f3, corresponent al curs 2020-2021, accedint a <a href=\"http:\/\/www.preinscripcio.gencat.cat\/\" target=\"_blank\" rel=\"noopener noreferrer\" data-saferedirecturl=\"https:\/\/www.google.com\/url?q=http:\/\/www.preinscripcio.gencat.cat&amp;source=gmail&amp;ust=1590840989194000&amp;usg=AFQjCNFWk-smXL2lZHmH6-17GCQH-d7j2g\">www.preinscripcio.gencat.cat<\/a>, opci\u00f3 &#8220;consulta de resultats&#8221; dels ensenyaments corresponents.<br \/>\nPer a la consulta necessitareu el n\u00famero del document d&#8217;identificaci\u00f3 personal (DNI, NIE&hellip;  <a href=\"https:\/\/agora.xtec.cat\/escolapablopicasso\/general\/consulta-del-barem-provisional-preinscripcio-2020-2021\/\" title=\"Read CONSULTA DEL BAREM PROVISIONAL (PREINSCRIPCI\u00d3 2020-2021)\">Llegeix m\u00e9s\u00bb<\/a><\/p>\n","protected":false},"author":5,"featured_media":5244,"comment_status":"open","ping_status":"closed","sticky":false,"template":"","format":"standard","meta":{"_bbp_topic_count":0,"_bbp_reply_count":0,"_bbp_total_topic_count":0,"_bbp_total_reply_count":0,"_bbp_voice_count":0,"_bbp_anonymous_reply_count":0,"_bbp_topic_count_hidden":0,"_bbp_reply_count_hidden":0,"_bbp_forum_subforum_count":0,"footnotes":""},"categories":[1,4],"tags":[],"class_list":["post-5514","post","type-post","status-publish","format-standard","has-post-thumbnail","hentry","category-general","category-portada"],"post_mailing_queue_ids":[],"_links":{"self":[{"href":"https:\/\/agora.xtec.cat\/escolapablopicasso\/wp-json\/wp\/v2\/posts\/5514","targetHints":{"allow":["GET"]}}],"collection":[{"href":"https:\/\/agora.xtec.cat\/escolapablopicasso\/wp-json\/wp\/v2\/posts"}],"about":[{"href":"https:\/\/agora.xtec.cat\/escolapablopicasso\/wp-json\/wp\/v2\/types\/post"}],"author":[{"embeddable":true,"href":"https:\/\/agora.xtec.cat\/escolapablopicasso\/wp-json\/wp\/v2\/users\/5"}],"replies":[{"embeddable":true,"href":"https:\/\/agora.xtec.cat\/escolapablopicasso\/wp-json\/wp\/v2\/comments?post=5514"}],"version-history":[{"count":4,"href":"https:\/\/agora.xtec.cat\/escolapablopicasso\/wp-json\/wp\/v2\/posts\/5514\/revisions"}],"predecessor-version":[{"id":5542,"href":"https:\/\/agora.xtec.cat\/escolapablopicasso\/wp-json\/wp\/v2\/posts\/5514\/revisions\/5542"}],"wp:featuredmedia":[{"embeddable":true,"href":"https:\/\/agora.xtec.cat\/escolapablopicasso\/wp-json\/wp\/v2\/media\/5244"}],"wp:attachment":[{"href":"https:\/\/agora.xtec.cat\/escolapablopicasso\/wp-json\/wp\/v2\/media?parent=5514"}],"wp:term":[{"taxonomy":"category","embeddable":true,"href":"https:\/\/agora.xtec.cat\/escolapablopicasso\/wp-json\/wp\/v2\/categories?post=5514"},{"taxonomy":"post_tag","embeddable":true,"href":"https:\/\/agora.xtec.cat\/escolapablopicasso\/wp-json\/wp\/v2\/tags?post=5514"}],"curies":[{"name":"wp","href":"https:\/\/api.w.org\/{rel}","templated":true}]}}