{"id":5411,"date":"2020-05-08T18:30:26","date_gmt":"2020-05-08T16:30:26","guid":{"rendered":"http:\/\/agora.xtec.cat\/escolapablopicasso\/?p=5411"},"modified":"2020-06-09T14:50:20","modified_gmt":"2020-06-09T12:50:20","slug":"comunicat-mes-de-maig","status":"publish","type":"post","link":"https:\/\/agora.xtec.cat\/escolapablopicasso\/general\/comunicat-mes-de-maig\/","title":{"rendered":"COMUNICAT MES DE MAIG"},"content":{"rendered":"<p><span style=\"font-weight: 400;\">Hola fam\u00edlies! <\/span><\/p>\n<p><span style=\"font-weight: 400;\">Desitgem que estigueu b\u00e9 o, si m\u00e9s no, que aneu millorant de la possible malaltia i tamb\u00e9 en els \u00e0nims.<\/span><\/p>\n<p><span style=\"font-weight: 400;\">Ja sabeu que la nostra intenci\u00f3 \u00e9s anar-vos informant de qualsevol tema que ens afecti directament com a escola i\/o fam\u00edlies o que pugui provocar certs neguits.\u00a0<\/span><\/p>\n<p><span style=\"font-weight: 400;\">Us aclarim alguns aspectes en la mesura del que podem i TENINT PRESENT QUE ALGUNES DECISIONS PODEN CANVIAR EN UN FUTUR:<\/span><\/p>\n<p><strong>PREINSCRIPCIONS<\/strong><\/p>\n<ul>\n<li>Del <strong>13 al 22 de maig<\/strong> de manera telem\u00e0tica i recomanable<\/li>\n<li>Del <strong>19 al 22 de maig<\/strong> es podr\u00e0 atendre personalment a l&#8217;escola a aquelles fam\u00edlies que tenen dificultats per poder tramitar-la telem\u00e0ticament. No es pot venir al centre sense cita pr\u00e8via. Qui ho necessiti haur\u00e0 de demanar hora al nostre tel\u00e8fon: <strong>937184590<\/strong> a partir del dia 13 de maig (de 9 a 13h). <strong>Al centre nom\u00e9s podr\u00e0 venir una \u00fanica persona, sense infants, amb la documentaci\u00f3 emplenada i equipat amb guants, mascareta i bol\u00edgraf personal.<\/strong><\/li>\n<li>En breu, us farem arribar informaci\u00f3 m\u00e9s espec\u00edfica d&#8217;aquest proc\u00e9s i el de matriculaci\u00f3 a trav\u00e9s del correu electr\u00f2nic i web de l&#8217;escola<\/li>\n<\/ul>\n<p><strong>RECOLLIDA DE MATERIAL I PERTINENCES D&#8217;INFANTS I MESTRES, QUE ROMANEN AL CENTRE<\/strong><\/p>\n<ul>\n<li>Per ara no ens deixen anar a l&#8217;escola. Nom\u00e9s hi podran accedir 3 persones durant els dies de preinscripcions i en un horari molt determinat \u00fanicament per aquest proc\u00e9s. Per tant, no sabem quan es podr\u00e0 retornar tot el que resta a les aules.<\/li>\n<\/ul>\n<p><strong>DEVOLUCI\u00d3 DINERS MATERIAL I SORTIDES<\/strong><\/p>\n<ul>\n<li>Est\u00e0 previst i s&#8217;est\u00e0 gestionant per\u00f2 la secret\u00e0ria t\u00e9 molta informaci\u00f3 a l&#8217;ordinador de l&#8217;escola a la que no pot accedir i es dep\u00e8n d&#8217;altres entitats (bestretes sortides anul\u00b7lacions,&#8230;)<\/li>\n<li>Durant el mes de juny esperem poder tenir-ho tot enllestit i retornar els diners si s&#8217;escau.<\/li>\n<\/ul>\n<p><strong>INFORMES<\/strong><\/p>\n<ul>\n<li>A finals de juny, com cada any, us farem entrega d&#8217;una valoraci\u00f3 del tercer trimestre i les notes finals de curs o cicle.<\/li>\n<li>L&#8217;informe del tercer trimestre no ser\u00e0 com el que heu rebut a la 1a i 2a avaluaci\u00f3, ja que les circumst\u00e0ncies no ho han perm\u00e8s. Ser\u00e0 una valoraci\u00f3 del que ha significat i s&#8217;ha pogut recollir de les tasques que els infants han fet durant aquest per\u00edode<span style=\"font-weight: 400;\">.<\/span><\/li>\n<\/ul>\n<p><strong>CURS VINENT<\/strong><\/p>\n<ul>\n<li>Durant el mes de juny us donarem el llistat de llibres i materials pel curs vinent.<\/li>\n<li>A les xarxes i mitjans de comunicaci\u00f3 s&#8217;est\u00e0 parlant molt sobre canvis en els horaris, possibilitats de que els alumnes assisteixin a l&#8217;escola la meitat de la jornada i l&#8217;altra meitat des de casa.. No us podem aclarir cap d&#8217;aquests aspectes perqu\u00e8 hi ha molta incertesa. Esperem a veure quines instruccions ens donen des del Departament d&#8217;Educaci\u00f3.<\/li>\n<\/ul>\n<p><strong>CASALS D&#8217;ESTIU<\/strong><\/p>\n<ul>\n<li>Des de les AMPAs, AFAs i Ajuntament hi ha predisposici\u00f3 per fer-los i s&#8217;est\u00e0 estudiant la nova normativa i gesti\u00f3 davant de la situaci\u00f3 actual i la seva viabilitat. Haurem d&#8217;esperar a veure com es desenvolupen les negociacions entre els diferents agents implicats<\/li>\n<\/ul>\n<p>Ja veieu que les informacions continuen sent for\u00e7a imprecises, per\u00f2 la situaci\u00f3 \u00e9s aquesta. M\u00e9s endavant us tornarem a enviar un altre comunicat amb tot all\u00f2 que vagi quedant establert.<\/p>\n<p><span style=\"font-weight: 400;\">Atentament.<\/span><\/p>\n<p style=\"text-align: left;\"><span style=\"font-weight: 400;\">L\u2019Equip Directiu<\/span><\/p>\n<p style=\"text-align: right;\"><span style=\"font-weight: 400;\">Barber\u00e0 del Vall\u00e8s a 8 de maig de 2020<\/span><\/p>\n","protected":false},"excerpt":{"rendered":"<p>Hola fam\u00edlies!<br \/>\nDesitgem que estigueu b\u00e9 o, si m\u00e9s no, que aneu millorant de la possible malaltia i tamb\u00e9 en els \u00e0nims.<br \/>\nJa sabeu que la nostra intenci\u00f3 \u00e9s anar-vos informant de qualsevol tema que ens afecti directament com a escola i\/o fam\u00edlies o que pugui&hellip;  <a href=\"https:\/\/agora.xtec.cat\/escolapablopicasso\/general\/comunicat-mes-de-maig\/\" title=\"Read COMUNICAT MES DE MAIG\">Llegeix m\u00e9s\u00bb<\/a><\/p>\n","protected":false},"author":5,"featured_media":5578,"comment_status":"open","ping_status":"closed","sticky":false,"template":"","format":"standard","meta":{"_bbp_topic_count":0,"_bbp_reply_count":0,"_bbp_total_topic_count":0,"_bbp_total_reply_count":0,"_bbp_voice_count":0,"_bbp_anonymous_reply_count":0,"_bbp_topic_count_hidden":0,"_bbp_reply_count_hidden":0,"_bbp_forum_subforum_count":0,"footnotes":""},"categories":[1,4],"tags":[],"class_list":["post-5411","post","type-post","status-publish","format-standard","has-post-thumbnail","hentry","category-general","category-portada"],"post_mailing_queue_ids":[],"_links":{"self":[{"href":"https:\/\/agora.xtec.cat\/escolapablopicasso\/wp-json\/wp\/v2\/posts\/5411","targetHints":{"allow":["GET"]}}],"collection":[{"href":"https:\/\/agora.xtec.cat\/escolapablopicasso\/wp-json\/wp\/v2\/posts"}],"about":[{"href":"https:\/\/agora.xtec.cat\/escolapablopicasso\/wp-json\/wp\/v2\/types\/post"}],"author":[{"embeddable":true,"href":"https:\/\/agora.xtec.cat\/escolapablopicasso\/wp-json\/wp\/v2\/users\/5"}],"replies":[{"embeddable":true,"href":"https:\/\/agora.xtec.cat\/escolapablopicasso\/wp-json\/wp\/v2\/comments?post=5411"}],"version-history":[{"count":4,"href":"https:\/\/agora.xtec.cat\/escolapablopicasso\/wp-json\/wp\/v2\/posts\/5411\/revisions"}],"predecessor-version":[{"id":5418,"href":"https:\/\/agora.xtec.cat\/escolapablopicasso\/wp-json\/wp\/v2\/posts\/5411\/revisions\/5418"}],"wp:featuredmedia":[{"embeddable":true,"href":"https:\/\/agora.xtec.cat\/escolapablopicasso\/wp-json\/wp\/v2\/media\/5578"}],"wp:attachment":[{"href":"https:\/\/agora.xtec.cat\/escolapablopicasso\/wp-json\/wp\/v2\/media?parent=5411"}],"wp:term":[{"taxonomy":"category","embeddable":true,"href":"https:\/\/agora.xtec.cat\/escolapablopicasso\/wp-json\/wp\/v2\/categories?post=5411"},{"taxonomy":"post_tag","embeddable":true,"href":"https:\/\/agora.xtec.cat\/escolapablopicasso\/wp-json\/wp\/v2\/tags?post=5411"}],"curies":[{"name":"wp","href":"https:\/\/api.w.org\/{rel}","templated":true}]}}