{"id":5380,"date":"2020-04-24T12:09:39","date_gmt":"2020-04-24T10:09:39","guid":{"rendered":"http:\/\/agora.xtec.cat\/escolapablopicasso\/?p=5380"},"modified":"2020-06-09T14:57:04","modified_gmt":"2020-06-09T12:57:04","slug":"iii-setmana-literaria-meet-an-author-p4-i-p5","status":"publish","type":"post","link":"https:\/\/agora.xtec.cat\/escolapablopicasso\/general\/iii-setmana-literaria-meet-an-author-p4-i-p5\/","title":{"rendered":"III SETMANA LITER\u00c0RIA. MEET AN AUTHOR. P4 i P5."},"content":{"rendered":"<p lang=\"zxx\" align=\"left\">Durant la III Setmana Liter\u00e0ria i des de l&#8217;\u00e0rea d&#8217;angl\u00e8s, s&#8217;ha proposat als nens i nenes de P4 i P5 con\u00e8ixer l&#8217;obra d&#8217;<strong>ERIC CARLE<\/strong>.<\/p>\n<p lang=\"zxx\" align=\"left\"><img decoding=\"async\" class=\"aligncenter\" src=\"https:\/\/es.babelio.com\/users\/AVT_Eric-Carle_6722.jpg\" alt=\"Eric Carle (autor de La peque\u00f1a oruga glotona) - Babelio\" \/><\/p>\n<p lang=\"zxx\" align=\"left\">Eric Carle (Nova York, 25 de juny de 1939) \u00e9s un escriptor i il\u00b7lustrador de llibres infantils. Ha il\u00b7lustrat m\u00e9s de setanta llibres, i venut 88 milions de c\u00f2pies. Carle posseeix una t\u00e8cnica molt reconeixible, que podria definir-se com &#8220;collage impressionista&#8221; amb les figures gaireb\u00e9 sempre retallades sobre fons blanc.<\/p>\n<p lang=\"zxx\" align=\"left\">Els seus contes m\u00e9s famosos s\u00f3n:<\/p>\n<p lang=\"zxx\" align=\"left\"><img decoding=\"async\" class=\"aligncenter\" src=\"https:\/\/cf.shopee.sg\/file\/947cbb76d8c560ff930f3dc25bb07673\" alt=\"Eric carle paperback picture books suitable for kids age 2+ ...\" \/><\/p>\n<p lang=\"zxx\" align=\"left\">Despr\u00e9s de gaudir d&#8217;algunes de les seves hist\u00f2ries (en angl\u00e8s) hem proposat als nens i nenes de P4 i P5 fer un &#8220;ERIC CARLE&#8217;S MURAL&#8221; amb dibuixos i\/o manualitats dels personatges m\u00e9s famosos dels seus contes.<\/p>\n<p lang=\"zxx\" align=\"left\">Aqu\u00ed teniu un recull:<\/p>\n<p lang=\"zxx\" align=\"left\"><iframe loading=\"lazy\" src=\"\/\/www.youtube.com\/embed\/NhKZ948rVlc\" width=\"560\" height=\"314\"><\/iframe><\/p>\n<p lang=\"zxx\" align=\"left\"><iframe loading=\"lazy\" src=\"\/\/www.youtube.com\/embed\/XTm7LCVQ-sA\" width=\"560\" height=\"314\"><\/iframe><\/p>\n","protected":false},"excerpt":{"rendered":"<p>Durant la III Setmana Liter\u00e0ria i des de l&#8217;\u00e0rea d&#8217;angl\u00e8s, s&#8217;ha proposat als nens i nenes de P4 i P5 con\u00e8ixer l&#8217;obra d&#8217;ERIC CARLE.<\/p>\n<p>Eric Carle (Nova York, 25 de juny de 1939) \u00e9s un escriptor i il\u00b7lustrador de llibres infantils. Ha il\u00b7lustrat m\u00e9s de setanta&hellip;  <a href=\"https:\/\/agora.xtec.cat\/escolapablopicasso\/general\/iii-setmana-literaria-meet-an-author-p4-i-p5\/\" title=\"Read III SETMANA LITER\u00c0RIA. MEET AN AUTHOR. P4 i P5.\">Llegeix m\u00e9s\u00bb<\/a><\/p>\n","protected":false},"author":5,"featured_media":5381,"comment_status":"open","ping_status":"closed","sticky":false,"template":"","format":"standard","meta":{"_bbp_topic_count":0,"_bbp_reply_count":0,"_bbp_total_topic_count":0,"_bbp_total_reply_count":0,"_bbp_voice_count":0,"_bbp_anonymous_reply_count":0,"_bbp_topic_count_hidden":0,"_bbp_reply_count_hidden":0,"_bbp_forum_subforum_count":0,"footnotes":""},"categories":[22,23,1,8,9],"tags":[],"class_list":["post-5380","post","type-post","status-publish","format-standard","has-post-thumbnail","hentry","category-angles","category-nadal","category-general","category-i4","category-i5"],"post_mailing_queue_ids":[],"_links":{"self":[{"href":"https:\/\/agora.xtec.cat\/escolapablopicasso\/wp-json\/wp\/v2\/posts\/5380","targetHints":{"allow":["GET"]}}],"collection":[{"href":"https:\/\/agora.xtec.cat\/escolapablopicasso\/wp-json\/wp\/v2\/posts"}],"about":[{"href":"https:\/\/agora.xtec.cat\/escolapablopicasso\/wp-json\/wp\/v2\/types\/post"}],"author":[{"embeddable":true,"href":"https:\/\/agora.xtec.cat\/escolapablopicasso\/wp-json\/wp\/v2\/users\/5"}],"replies":[{"embeddable":true,"href":"https:\/\/agora.xtec.cat\/escolapablopicasso\/wp-json\/wp\/v2\/comments?post=5380"}],"version-history":[{"count":3,"href":"https:\/\/agora.xtec.cat\/escolapablopicasso\/wp-json\/wp\/v2\/posts\/5380\/revisions"}],"predecessor-version":[{"id":5388,"href":"https:\/\/agora.xtec.cat\/escolapablopicasso\/wp-json\/wp\/v2\/posts\/5380\/revisions\/5388"}],"wp:featuredmedia":[{"embeddable":true,"href":"https:\/\/agora.xtec.cat\/escolapablopicasso\/wp-json\/wp\/v2\/media\/5381"}],"wp:attachment":[{"href":"https:\/\/agora.xtec.cat\/escolapablopicasso\/wp-json\/wp\/v2\/media?parent=5380"}],"wp:term":[{"taxonomy":"category","embeddable":true,"href":"https:\/\/agora.xtec.cat\/escolapablopicasso\/wp-json\/wp\/v2\/categories?post=5380"},{"taxonomy":"post_tag","embeddable":true,"href":"https:\/\/agora.xtec.cat\/escolapablopicasso\/wp-json\/wp\/v2\/tags?post=5380"}],"curies":[{"name":"wp","href":"https:\/\/api.w.org\/{rel}","templated":true}]}}