{"id":5367,"date":"2020-04-23T11:49:28","date_gmt":"2020-04-23T09:49:28","guid":{"rendered":"http:\/\/agora.xtec.cat\/escolapablopicasso\/?p=5367"},"modified":"2020-06-09T15:06:24","modified_gmt":"2020-06-09T13:06:24","slug":"iii-setmana-literaria-la-classe-de-les-serps","status":"publish","type":"post","link":"https:\/\/agora.xtec.cat\/escolapablopicasso\/general\/iii-setmana-literaria-la-classe-de-les-serps\/","title":{"rendered":"III SETMANA LITER\u00c0RIA. LA CLASSE DE LES SERPS"},"content":{"rendered":"<p>Els nens i les nenes de la classe de les serps han fet un conte molt especial!!<\/p>\n<p>\u00c9s una edici\u00f3 \u00fanica i feta amb moooolt amor!!<\/p>\n<p>BONA DIADA DE SANT JORDI<\/p>\n<p><iframe loading=\"lazy\" src=\"\/\/www.youtube.com\/embed\/MuKDR765i0w\" width=\"560\" height=\"314\"><\/iframe><\/p>\n<p>&nbsp;<\/p>\n","protected":false},"excerpt":{"rendered":"<p>Els nens i les nenes de la classe de les serps han fet un conte molt especial!!<br \/>\n\u00c9s una edici\u00f3 \u00fanica i feta amb moooolt amor!!<br \/>\nBONA DIADA DE SANT JORDI<\/p>\n<p>&nbsp;<\/p>\n","protected":false},"author":5,"featured_media":5368,"comment_status":"open","ping_status":"closed","sticky":false,"template":"","format":"standard","meta":{"_bbp_topic_count":0,"_bbp_reply_count":0,"_bbp_total_topic_count":0,"_bbp_total_reply_count":0,"_bbp_voice_count":0,"_bbp_anonymous_reply_count":0,"_bbp_topic_count_hidden":0,"_bbp_reply_count_hidden":0,"_bbp_forum_subforum_count":0,"footnotes":""},"categories":[23,1,9],"tags":[],"class_list":["post-5367","post","type-post","status-publish","format-standard","has-post-thumbnail","hentry","category-nadal","category-general","category-i5"],"post_mailing_queue_ids":[],"_links":{"self":[{"href":"https:\/\/agora.xtec.cat\/escolapablopicasso\/wp-json\/wp\/v2\/posts\/5367","targetHints":{"allow":["GET"]}}],"collection":[{"href":"https:\/\/agora.xtec.cat\/escolapablopicasso\/wp-json\/wp\/v2\/posts"}],"about":[{"href":"https:\/\/agora.xtec.cat\/escolapablopicasso\/wp-json\/wp\/v2\/types\/post"}],"author":[{"embeddable":true,"href":"https:\/\/agora.xtec.cat\/escolapablopicasso\/wp-json\/wp\/v2\/users\/5"}],"replies":[{"embeddable":true,"href":"https:\/\/agora.xtec.cat\/escolapablopicasso\/wp-json\/wp\/v2\/comments?post=5367"}],"version-history":[{"count":1,"href":"https:\/\/agora.xtec.cat\/escolapablopicasso\/wp-json\/wp\/v2\/posts\/5367\/revisions"}],"predecessor-version":[{"id":5369,"href":"https:\/\/agora.xtec.cat\/escolapablopicasso\/wp-json\/wp\/v2\/posts\/5367\/revisions\/5369"}],"wp:featuredmedia":[{"embeddable":true,"href":"https:\/\/agora.xtec.cat\/escolapablopicasso\/wp-json\/wp\/v2\/media\/5368"}],"wp:attachment":[{"href":"https:\/\/agora.xtec.cat\/escolapablopicasso\/wp-json\/wp\/v2\/media?parent=5367"}],"wp:term":[{"taxonomy":"category","embeddable":true,"href":"https:\/\/agora.xtec.cat\/escolapablopicasso\/wp-json\/wp\/v2\/categories?post=5367"},{"taxonomy":"post_tag","embeddable":true,"href":"https:\/\/agora.xtec.cat\/escolapablopicasso\/wp-json\/wp\/v2\/tags?post=5367"}],"curies":[{"name":"wp","href":"https:\/\/api.w.org\/{rel}","templated":true}]}}