{"id":5342,"date":"2020-04-20T15:52:10","date_gmt":"2020-04-20T13:52:10","guid":{"rendered":"http:\/\/agora.xtec.cat\/escolapablopicasso\/?p=5342"},"modified":"2020-06-21T12:21:55","modified_gmt":"2020-06-21T10:21:55","slug":"iii-setmana-literaria-comencem","status":"publish","type":"post","link":"https:\/\/agora.xtec.cat\/escolapablopicasso\/general\/iii-setmana-literaria-comencem\/","title":{"rendered":"III SETMANA LITER\u00c0RIA. COMENCEM!!"},"content":{"rendered":"<p><span style=\"font-weight: 400;\">Comen\u00e7a la III Setmana Liter\u00e0ria!!! Una setmana per gaudir d&#8217;un bon llibre, per con\u00e8ixer diferents autors, per fer rodolins, endevinalles, poemes, contes&#8230; Trobareu totes les activitats que farem durant aquesta setmana tan especial clicant <a href=\"https:\/\/agora.xtec.cat\/escolapablopicasso\/festes\/sant-jordi\/\">aqu\u00ed<\/a><\/span><\/p>\n<p><span style=\"font-weight: 400;\">Per\u00f2 coneixeu la Llegenda de Sant Jordi??? Per internet hi ha moltes versions. A continuaci\u00f3 us proposem aquestes:\u00a0<\/span><\/p>\n<p><iframe loading=\"lazy\" src=\"\/\/www.youtube.com\/embed\/detf2kH7PY0\" width=\"560\" height=\"314\"><\/iframe><\/p>\n<p><iframe loading=\"lazy\" src=\"\/\/www.youtube.com\/embed\/alOao4XYN3k\" width=\"560\" height=\"314\"><\/iframe><\/p>\n<p><iframe loading=\"lazy\" src=\"\/\/www.youtube.com\/embed\/Y3H_Qe4gqpM\" width=\"560\" height=\"314\"><\/iframe><\/p>\n<p><iframe loading=\"lazy\" src=\"\/\/www.youtube.com\/embed\/WmQbznWDWkM\" width=\"560\" height=\"314\"><\/iframe><\/p>\n<p><iframe loading=\"lazy\" src=\"\/\/www.youtube.com\/embed\/WXM3Nw_tJ1E\" width=\"560\" height=\"314\"><\/iframe><\/p>\n<p><iframe loading=\"lazy\" src=\"\/\/www.youtube.com\/embed\/544R0q5DFOU\" width=\"560\" height=\"314\"><\/iframe><\/p>\n<p>&nbsp;<\/p>\n","protected":false},"excerpt":{"rendered":"<p>Comen\u00e7a la III Setmana Liter\u00e0ria!!! Una setmana per gaudir d&#8217;un bon llibre, per con\u00e8ixer diferents autors, per fer rodolins, endevinalles, poemes, contes&#8230; Trobareu totes les activitats que farem durant aquesta setmana tan especial clicant <a href=\"https:\/\/agora.xtec.cat\/escolapablopicasso\/festes\/sant-jordi\/\">aqu\u00ed<\/a><br \/>\nPer\u00f2 coneixeu la Llegenda de Sant Jordi??? Per internet hi&hellip;  <a href=\"https:\/\/agora.xtec.cat\/escolapablopicasso\/general\/iii-setmana-literaria-comencem\/\" title=\"Read III SETMANA LITER\u00c0RIA. COMENCEM!!\">Llegeix m\u00e9s\u00bb<\/a><\/p>\n","protected":false},"author":5,"featured_media":5343,"comment_status":"open","ping_status":"closed","sticky":false,"template":"","format":"standard","meta":{"_bbp_topic_count":0,"_bbp_reply_count":0,"_bbp_total_topic_count":0,"_bbp_total_reply_count":0,"_bbp_voice_count":0,"_bbp_anonymous_reply_count":0,"_bbp_topic_count_hidden":0,"_bbp_reply_count_hidden":0,"_bbp_forum_subforum_count":0,"footnotes":""},"categories":[23,1,4],"tags":[],"class_list":["post-5342","post","type-post","status-publish","format-standard","has-post-thumbnail","hentry","category-nadal","category-general","category-portada"],"post_mailing_queue_ids":[],"_links":{"self":[{"href":"https:\/\/agora.xtec.cat\/escolapablopicasso\/wp-json\/wp\/v2\/posts\/5342","targetHints":{"allow":["GET"]}}],"collection":[{"href":"https:\/\/agora.xtec.cat\/escolapablopicasso\/wp-json\/wp\/v2\/posts"}],"about":[{"href":"https:\/\/agora.xtec.cat\/escolapablopicasso\/wp-json\/wp\/v2\/types\/post"}],"author":[{"embeddable":true,"href":"https:\/\/agora.xtec.cat\/escolapablopicasso\/wp-json\/wp\/v2\/users\/5"}],"replies":[{"embeddable":true,"href":"https:\/\/agora.xtec.cat\/escolapablopicasso\/wp-json\/wp\/v2\/comments?post=5342"}],"version-history":[{"count":4,"href":"https:\/\/agora.xtec.cat\/escolapablopicasso\/wp-json\/wp\/v2\/posts\/5342\/revisions"}],"predecessor-version":[{"id":5672,"href":"https:\/\/agora.xtec.cat\/escolapablopicasso\/wp-json\/wp\/v2\/posts\/5342\/revisions\/5672"}],"wp:featuredmedia":[{"embeddable":true,"href":"https:\/\/agora.xtec.cat\/escolapablopicasso\/wp-json\/wp\/v2\/media\/5343"}],"wp:attachment":[{"href":"https:\/\/agora.xtec.cat\/escolapablopicasso\/wp-json\/wp\/v2\/media?parent=5342"}],"wp:term":[{"taxonomy":"category","embeddable":true,"href":"https:\/\/agora.xtec.cat\/escolapablopicasso\/wp-json\/wp\/v2\/categories?post=5342"},{"taxonomy":"post_tag","embeddable":true,"href":"https:\/\/agora.xtec.cat\/escolapablopicasso\/wp-json\/wp\/v2\/tags?post=5342"}],"curies":[{"name":"wp","href":"https:\/\/api.w.org\/{rel}","templated":true}]}}