{"id":5340,"date":"2020-04-18T20:34:35","date_gmt":"2020-04-18T18:34:35","guid":{"rendered":"http:\/\/agora.xtec.cat\/escolapablopicasso\/?p=5340"},"modified":"2020-06-09T15:10:46","modified_gmt":"2020-06-09T13:10:46","slug":"iii-setmana-literaria-i-3r-trimestre","status":"publish","type":"post","link":"https:\/\/agora.xtec.cat\/escolapablopicasso\/general\/iii-setmana-literaria-i-3r-trimestre\/","title":{"rendered":"III SETMANA LITER\u00c0RIA I 3r TRIMESTRE"},"content":{"rendered":"<p align=\"JUSTIFY\"><span style=\"font-family: Arial, sans-serif;\"><span style=\"font-size: small;\">Hola fam\u00edlies!<\/span><\/span><\/p>\n<p align=\"JUSTIFY\"><span style=\"font-family: Arial, sans-serif;\"><span style=\"font-size: small;\">Esperem de tot cor que porteu aquest confinament el millor possible i recordeu:<\/span><\/span><\/p>\n<p align=\"CENTER\"><span style=\"font-family: Arial, sans-serif;\"><span style=\"font-size: small;\">ja queda un dia menys perqu\u00e8 acabi!<\/span><\/span><\/p>\n<p align=\"JUSTIFY\"><span style=\"font-family: Arial, sans-serif;\"><span style=\"font-size: small;\">Us fem arribar la present comunicaci\u00f3 per informar-vos de dos aspectes que heu de saber:<\/span><\/span><\/p>\n<ol>\n<li>\n<p align=\"JUSTIFY\"><span style=\"font-family: Arial, sans-serif;\"><span style=\"font-size: small;\">Aquesta setmana celebrarem la nostra <\/span><\/span><span style=\"font-family: Arial, sans-serif;\"><span style=\"font-size: small;\"><u><b>III SETMANA LITER\u00c0RIA!!<\/b><\/u><\/span><\/span><\/p>\n<\/li>\n<\/ol>\n<p align=\"JUSTIFY\"><span style=\"font-family: Arial, sans-serif;\"><span style=\"font-size: small;\">Ja sabeu que, als voltants de la festa de Sant Jordi celebrem una setmana sencera dedicada a la vesant m\u00e9s est\u00e8tica de la llengua. Fem activitats de lectura, creaci\u00f3 i representaci\u00f3 de contes, titelles, poemes, rodolins&#8230; Tot all\u00f2 que ens inspira a llegir i escriure.<\/span><\/span><\/p>\n<p align=\"JUSTIFY\"><span style=\"font-family: Arial, sans-serif;\"><span style=\"font-size: small;\">Aquest any la situaci\u00f3 \u00e9s una mica diferent. Tothom est\u00e0 a casa. Per\u00f2 volem mantenir aquesta part del tarann\u00e0 habitual de l\u2019escola, aix\u00ed que les feines que rebreu seran totes en aquest sentit. <\/span><\/span><\/p>\n<p align=\"JUSTIFY\"><span style=\"font-family: Arial, sans-serif;\"><span style=\"font-size: small;\">Hi ha un moviment que corre per les xarxes socials i al que ens hi volem afegir. Es tracta de <\/span><\/span><span style=\"font-family: Arial, sans-serif;\"><span style=\"font-size: small;\"><b>fer una rosa per penjar al balc\u00f3 o la finestra de casa<\/b><\/span><\/span><span style=\"font-family: Arial, sans-serif;\"><span style=\"font-size: small;\">. Pot ser de qualsevol t\u00e8cnica i material. Si feu una foto de la vostra rosa i l\u2019envieu al correu de l\u2019escola, la penjarem al nostre balc\u00f3 que, en aquests moments, \u00e9s la web del Pablo Picasso.<\/span><\/span><\/p>\n<p align=\"JUSTIFY\"><span style=\"font-family: Arial, sans-serif;\"><b>2-<\/b><\/span> <span style=\"font-family: Arial, sans-serif;\"><span style=\"font-size: small;\">Aprofitem tamb\u00e9 per comunicar-vos com anir\u00e0 <\/span><\/span><span style=\"font-family: Arial, sans-serif;\"><span style=\"font-size: small;\"><b>el tercer trimestre<\/b><\/span><\/span><span style=\"font-family: Arial, sans-serif;\"><span style=\"font-size: small;\">. Som conscients que us estan arribant informacions diverses i, en alguns casos semblen contradict\u00f2ries.<\/span><\/span><\/p>\n<p align=\"JUSTIFY\"><span style=\"font-family: Arial, sans-serif;\"><span style=\"font-size: small;\">Per la vostra tranquil\u00b7litat, i <\/span><\/span><span style=\"font-family: Arial, sans-serif;\"><span style=\"font-size: small;\"><b>seguint les darreres instruccions del Departament<\/b><\/span><\/span><span style=\"font-family: Arial, sans-serif;\"><span style=\"font-size: small;\">, us expliquem a continuaci\u00f3 que \u00e9s <\/span><\/span><span style=\"font-family: Arial, sans-serif;\"><span style=\"font-size: small;\"><b>el que farem des de la nostra escola.<\/b><\/span><\/span><\/p>\n<p align=\"JUSTIFY\"><span style=\"font-family: Arial, sans-serif;\"><span style=\"font-size: small;\">Seguirem la rutina que ja portem d\u2019enviar feines els dilluns perqu\u00e8 les feu durant la setmana. Aniria b\u00e9 que pogu\u00e9ssiu retornar, durant la mateixa setmana, el que feu, per\u00f2 sobretot algunes tasques que el professorat us dir\u00e0 exactament quin aspecte vol valorar.<\/span><\/span><\/p>\n<p align=\"JUSTIFY\"><span style=\"font-family: Arial, sans-serif;\"><span style=\"font-size: small;\">Amb tot el que es reculli, cada mestre far\u00e0 una <\/span><\/span><span style=\"font-family: Arial, sans-serif;\"><span style=\"font-size: small;\"><u><b>valoraci\u00f3, no una avaluaci\u00f3<\/b><\/u><\/span><\/span><span style=\"font-family: Arial, sans-serif;\"><span style=\"font-size: small;\">: Tenim molt clar que no tothom pot estar per ajudar als infants, que no tothom t\u00e9 opci\u00f3 de rebre o retornar aquestes feines o que la seva situaci\u00f3 t\u00e9 altres prioritats en aquests moments.<\/span><\/span><\/p>\n<p align=\"JUSTIFY\"><span style=\"font-family: Arial, sans-serif;\"><span style=\"font-size: small;\">Amb aquesta valoraci\u00f3 farem un informe de seguiment del proc\u00e9s educatiu del 3r trimestre en un format que no ser\u00e0 com el que es fa habitualment. <\/span><\/span><\/p>\n<p align=\"JUSTIFY\"><span style=\"font-family: Arial, sans-serif;\"><span style=\"font-size: small;\">La nota final del curs ser\u00e0 la mitjana del 1r i 2n trimestre millorada, si s\u2019escau, per la valoraci\u00f3 del 3r. En cap cas, empitjorar\u00e0 la nota final. S\u2019intenta que aquest per\u00edode serveixi per refor\u00e7ar i acabar d\u2019adquirir o millorar el que ja s\u2019havia treballat.<\/span><\/span><\/p>\n<p align=\"JUSTIFY\"><span style=\"font-family: Arial, sans-serif;\"><span style=\"font-size: small;\"><u><b>No ser\u00e0 un aprovat general<\/b><\/u><\/span><\/span><span style=\"font-family: Arial, sans-serif;\"><span style=\"font-size: small;\"> perqu\u00e8 aix\u00f2 implicaria que la mat\u00e8ria que ha quedat pendent es d\u00f3na per explicada i assolida.<\/span><\/span><\/p>\n<p align=\"JUSTIFY\"><span style=\"font-family: Arial, sans-serif;\"><span style=\"font-size: small;\"><b>El curs vinent<\/b><\/span><\/span><span style=\"font-family: Arial, sans-serif;\"><span style=\"font-size: small;\"> el que es far\u00e0 ser\u00e0 <\/span><\/span><span style=\"font-family: Arial, sans-serif;\"><span style=\"font-size: small;\"><b>reprogramar els continguts<\/b><\/span><\/span><span style=\"font-family: Arial, sans-serif;\"><span style=\"font-size: small;\"> a treballar per anar recuperant all\u00f2 que ha quedat pendent.<\/span><\/span><\/p>\n<p align=\"JUSTIFY\"><span style=\"font-family: Arial, sans-serif;\"><span style=\"font-size: small;\">Esperem que gaudiu de la propera setmana i, per a qualsevol dubte ja sabeu que teniu al professorat i a l\u2019equip directiu a trav\u00e9s del correu de l\u2019escola.<\/span><\/span><\/p>\n<p align=\"JUSTIFY\"><span style=\"font-family: Arial, sans-serif;\"><span style=\"font-size: small;\">Atentament.<\/span><\/span><\/p>\n<p align=\"JUSTIFY\"><span style=\"font-family: Arial, sans-serif;\"><span style=\"font-size: small;\">Equip Directiu#JoEmQuedoaCasa<\/span><\/span><\/p>\n<p align=\"JUSTIFY\"><img decoding=\"async\" src=\"https:\/\/media.timeout.com\/images\/105635997\/630\/472\/image.jpg\" alt=\"Es crea la web per enviar roses a domicili per Sant Jordi\" \/><\/p>\n","protected":false},"excerpt":{"rendered":"<p>Hola fam\u00edlies!<br \/>\nEsperem de tot cor que porteu aquest confinament el millor possible i recordeu:<br \/>\nja queda un dia menys perqu\u00e8 acabi!<br \/>\nUs fem arribar la present comunicaci\u00f3 per informar-vos de dos aspectes que heu de saber:<\/p>\n<ol>\n<li>\nAquesta setmana celebrarem la nostra III SETMANA LITER\u00c0RIA!!\n<\/li>\n<\/ol>\n<p>Ja sabeu que, als voltants&hellip;  <a href=\"https:\/\/agora.xtec.cat\/escolapablopicasso\/general\/iii-setmana-literaria-i-3r-trimestre\/\" title=\"Read III SETMANA LITER\u00c0RIA I 3r TRIMESTRE\">Llegeix m\u00e9s\u00bb<\/a><\/p>\n","protected":false},"author":5,"featured_media":5579,"comment_status":"open","ping_status":"closed","sticky":false,"template":"","format":"standard","meta":{"_bbp_topic_count":0,"_bbp_reply_count":0,"_bbp_total_topic_count":0,"_bbp_total_reply_count":0,"_bbp_voice_count":0,"_bbp_anonymous_reply_count":0,"_bbp_topic_count_hidden":0,"_bbp_reply_count_hidden":0,"_bbp_forum_subforum_count":0,"footnotes":""},"categories":[1,4],"tags":[],"class_list":["post-5340","post","type-post","status-publish","format-standard","has-post-thumbnail","hentry","category-general","category-portada"],"post_mailing_queue_ids":[],"_links":{"self":[{"href":"https:\/\/agora.xtec.cat\/escolapablopicasso\/wp-json\/wp\/v2\/posts\/5340","targetHints":{"allow":["GET"]}}],"collection":[{"href":"https:\/\/agora.xtec.cat\/escolapablopicasso\/wp-json\/wp\/v2\/posts"}],"about":[{"href":"https:\/\/agora.xtec.cat\/escolapablopicasso\/wp-json\/wp\/v2\/types\/post"}],"author":[{"embeddable":true,"href":"https:\/\/agora.xtec.cat\/escolapablopicasso\/wp-json\/wp\/v2\/users\/5"}],"replies":[{"embeddable":true,"href":"https:\/\/agora.xtec.cat\/escolapablopicasso\/wp-json\/wp\/v2\/comments?post=5340"}],"version-history":[{"count":1,"href":"https:\/\/agora.xtec.cat\/escolapablopicasso\/wp-json\/wp\/v2\/posts\/5340\/revisions"}],"predecessor-version":[{"id":5341,"href":"https:\/\/agora.xtec.cat\/escolapablopicasso\/wp-json\/wp\/v2\/posts\/5340\/revisions\/5341"}],"wp:featuredmedia":[{"embeddable":true,"href":"https:\/\/agora.xtec.cat\/escolapablopicasso\/wp-json\/wp\/v2\/media\/5579"}],"wp:attachment":[{"href":"https:\/\/agora.xtec.cat\/escolapablopicasso\/wp-json\/wp\/v2\/media?parent=5340"}],"wp:term":[{"taxonomy":"category","embeddable":true,"href":"https:\/\/agora.xtec.cat\/escolapablopicasso\/wp-json\/wp\/v2\/categories?post=5340"},{"taxonomy":"post_tag","embeddable":true,"href":"https:\/\/agora.xtec.cat\/escolapablopicasso\/wp-json\/wp\/v2\/tags?post=5340"}],"curies":[{"name":"wp","href":"https:\/\/api.w.org\/{rel}","templated":true}]}}