{"id":5338,"date":"2020-04-18T20:26:06","date_gmt":"2020-04-18T18:26:06","guid":{"rendered":"http:\/\/agora.xtec.cat\/escolapablopicasso\/?p=5338"},"modified":"2020-06-09T15:22:51","modified_gmt":"2020-06-09T13:22:51","slug":"comunicat-sobre-lenquesta-de-connectivitat","status":"publish","type":"post","link":"https:\/\/agora.xtec.cat\/escolapablopicasso\/general\/comunicat-sobre-lenquesta-de-connectivitat\/","title":{"rendered":"COMUNICAT SOBRE L&#8217;ENQUESTA DE CONNECTIVITAT"},"content":{"rendered":"<p align=\"JUSTIFY\"><span style=\"font-family: Arial, sans-serif;\"><span style=\"font-size: medium;\">Benvolgudes fam\u00edlies,<\/span><\/span><\/p>\n<p align=\"JUSTIFY\"><span style=\"font-family: Arial, sans-serif;\"><span style=\"font-size: medium;\">Com ja us vam informar fa uns dies iniciem el tercer trimestre en confinament, ra\u00f3 per la qual el Departament d&#8217;Educaci\u00f3 ha establert uns criteris per a que la doc\u00e8ncia sigui virtual i valorable.<\/span><\/span><\/p>\n<p align=\"JUSTIFY\"><span style=\"font-family: Arial, sans-serif;\"><span style=\"font-size: medium;\">\u00c9s per aquest motiu que veiem necessari que sigueu coneixedores del disseny d\u2019actuacions que est\u00e0 portant a terme, el propi Departament, en relaci\u00f3 als equipaments inform\u00e0tics i la connectivitat per a fam\u00edlies buscant la m\u00e0xima equitat possible dins d\u2019aquesta situaci\u00f3. <\/span><\/span><\/p>\n<p align=\"JUSTIFY\"><span style=\"font-family: Arial, sans-serif;\"><span style=\"font-size: medium;\">Aquestes accions inclouen diferents etapes<\/span><\/span><span style=\"font-family: Arial, sans-serif;\"><span style=\"font-size: medium;\">.<\/span><\/span><\/p>\n<ul>\n<li>\n<p align=\"JUSTIFY\"><span style=\"font-family: Arial, sans-serif;\"><span style=\"font-size: medium;\">Una primera de<\/span><\/span><span style=\"font-family: Arial, sans-serif;\"><span style=\"font-size: medium;\"><b> diagnosi<\/b><\/span><\/span> <span style=\"font-family: Arial, sans-serif;\"><span style=\"font-size: medium;\"><i>(30 de mar\u00e7 al 6 d\u2019abril) <\/i><\/span><\/span><span style=\"font-family: Arial, sans-serif;\"><span style=\"font-size: medium;\">a on<\/span><\/span> <span style=\"font-family: Arial, sans-serif;\"><span style=\"font-size: medium;\">des de l\u2019escola vau rebre una enquesta amb l\u2019objectiu de fer un diagn\u00f2stic el m\u00e9s aproximat possible de les eines tecnol\u00f2giques, la connectivitat i la disponibilitat de les diferents fam\u00edlies del centre.<\/span><\/span><\/p>\n<\/li>\n<\/ul>\n<p align=\"JUSTIFY\"><span style=\"font-family: Arial, sans-serif;\"><span style=\"font-size: medium;\">Pel que fa a les respostes rebudes, nom\u00e9s van contestar el q\u00fcestionari un 87% (dins del termini marcat pel propi Departament).<\/span><\/span><\/p>\n<p align=\"JUSTIFY\"><span style=\"font-family: Arial, sans-serif;\"><span style=\"font-size: medium;\">De l\u2019an\u00e0lisi de les respostes hem extret les diferents realitats que hi ha en el centre: <\/span><\/span><\/p>\n<p align=\"JUSTIFY\"><span style=\"font-family: Arial, sans-serif;\"><span style=\"font-size: medium;\">A nivell de recursos tecnol\u00f2gics hi ha alumnes a l\u2019escola que haur\u00edem de preservar, ja que no tenen o eines o connectivitat a casa.<\/span><\/span><\/p>\n<p align=\"JUSTIFY\"><span style=\"font-family: Arial, sans-serif;\"><span style=\"font-size: medium;\">A nivell de situacions espec\u00edfiques a l\u2019\u00e0mbit familiar, la dificultat la trobem en que hem de tenir en compte que hi ha:<\/span><\/span><\/p>\n<p align=\"JUSTIFY\"><span style=\"font-family: Arial, sans-serif;\"><span style=\"font-size: medium;\">\u00b7<\/span><\/span> <span style=\"font-family: Arial, sans-serif;\"><span style=\"font-size: medium;\">F<\/span><\/span><span style=\"font-family: Arial, sans-serif;\"><span style=\"font-size: medium;\">am\u00edlies que teletreballen i com a conseq\u00fc\u00e8ncia no poden dedicar tant de temps per l\u2019acompanyament als infants.<\/span><\/span><\/p>\n<p align=\"JUSTIFY\"><span style=\"font-family: Arial, sans-serif;\"><span style=\"font-size: medium;\">\u00b7<\/span><\/span> <span style=\"font-family: Arial, sans-serif;\"><span style=\"font-size: medium;\">F<\/span><\/span><span style=\"font-family: Arial, sans-serif;\"><span style=\"font-size: medium;\">am\u00edlies que en tenen 1 o 2 eines per\u00f2 les han de compartir per teletreball o per germans estudiant a la Prim\u00e0ria o d&#8217;altres etapes.<\/span><\/span><\/p>\n<p align=\"JUSTIFY\"><span style=\"font-family: Arial, sans-serif;\"><span style=\"font-size: medium;\">\u00b7<\/span><\/span> <span style=\"font-family: Arial, sans-serif;\"><span style=\"font-size: medium;\">L<\/span><\/span><span style=\"font-family: Arial, sans-serif;\"><span style=\"font-size: medium;\">a connectivitat a casa \u00e9s baixa o que utilitzen dades m\u00f2bils.<\/span><\/span><\/p>\n<p align=\"JUSTIFY\"><span style=\"font-family: Arial, sans-serif;\"><span style=\"font-size: medium;\">(Una de la nostra gran tasca di\u00e0ria, \u00e9s aconseguir mantenir contacte amb totes les fam\u00edlies sigui amb el mitj\u00e0 que sigui).<\/span><\/span><\/p>\n<p align=\"JUSTIFY\"><span style=\"font-family: Arial, sans-serif;\"><span style=\"font-size: medium;\">A trav\u00e9s d\u2019un formulari, el Departament ha anat recollint la diagnosi de la majoria dels centres de Catalunya, entre ells el nostre. Dades que tamb\u00e9 estan a disposici\u00f3 de la nostra Inspecci\u00f3 Educativa i l\u2019Ajuntament de Barber\u00e0 del Vall\u00e8s.<\/span><\/span><\/p>\n<ul>\n<li>\n<p align=\"JUSTIFY\"><span style=\"font-family: Arial, sans-serif;\"><span style=\"font-size: medium;\">A partir d\u2019aquest estudi de les necessitats reals del municipi s\u2019est\u00e0 portant a terme l<\/span><\/span><span style=\"font-family: Arial, sans-serif;\"><span style=\"font-size: medium;\"><b>\u2019adquisici\u00f3 i valoraci\u00f3 d\u2019equipament i kits de connectivitat<\/b><\/span><\/span><span style=\"font-family: Arial, sans-serif;\"><span style=\"font-size: medium;\">. Ja sigui amb materials dels propis centres educatius o a partir de convenis amb algunes empreses <\/span><\/span><span style=\"font-family: Arial, sans-serif;\"><span style=\"font-size: medium;\"><i>(7 d\u2019abril mar\u00e7 al 17 d\u2019abril).<\/i><\/span><\/span><\/p>\n<\/li>\n<\/ul>\n<ul>\n<li>\n<p align=\"JUSTIFY\"><span style=\"font-family: Arial, sans-serif;\"><span style=\"font-size: medium;\">Posteriorment s\u2019iniciar\u00e0 la<\/span><\/span><span style=\"font-family: Arial, sans-serif;\"><span style=\"font-size: medium;\"><b> distribuci\u00f3 d\u2019equipament i kits de connectivitat <\/b><\/span><\/span><span style=\"font-family: Arial, sans-serif;\"><span style=\"font-size: medium;\">a aquelles fam\u00edlies que no disposen de res.<\/span><\/span><\/p>\n<\/li>\n<\/ul>\n<p align=\"JUSTIFY\"><span style=\"font-family: Arial, sans-serif;\"><span style=\"font-size: medium;\">Un cop diagnosticades les necessitats i amb coneixement dels recursos disponibles caldr\u00e0 fer-ne la distribuci\u00f3 tot respectant estrictament les prescripcions sanit\u00e0ries del PROSICAT.<\/span><\/span><\/p>\n<p align=\"JUSTIFY\"><span style=\"font-family: Arial, sans-serif;\"><span style=\"font-size: medium;\">Aquesta acci\u00f3 suposa:<\/span><\/span><\/p>\n<p align=\"JUSTIFY\"><span style=\"font-family: Arial, sans-serif;\"><span style=\"font-size: medium;\">1) Recollida de material immobilitzat al centre educatiu.<\/span><\/span><\/p>\n<p align=\"JUSTIFY\"><span style=\"font-family: Arial, sans-serif;\"><span style=\"font-size: medium;\">2) Preparaci\u00f3 d\u2019aquest material amb la connectivitat necess\u00e0ria i amb el software espec\u00edfic per un correcte funcionament.<\/span><\/span><\/p>\n<p align=\"JUSTIFY\"><span style=\"font-family: Arial, sans-serif;\"><span style=\"font-size: medium;\">3) Distribuci\u00f3 del material a les fam\u00edlies. Aquesta distribuci\u00f3 la faran seguint uns criteris comuns i en tres fases, prioritzant:<\/span><\/span><\/p>\n<p align=\"JUSTIFY\"><span style=\"font-family: Arial, sans-serif;\"><span style=\"font-size: medium;\"> &#8211; 1\u00aa fase: Alumnat de final d\u2019etapa (6\u00e8, 4t d\u2019ESO, Batxillerat).<\/span><\/span><\/p>\n<p align=\"JUSTIFY\"><span style=\"font-family: Arial, sans-serif;\"><span style=\"font-size: medium;\"> &#8211; 2\u00aa fase: Centres de m\u00e0xima complexitat. (En el nostre municipi no hi ha cap centre que estigui dins d\u2019aquest grup).<\/span><\/span><\/p>\n<p align=\"JUSTIFY\"><span style=\"font-family: Arial, sans-serif;\"><span style=\"font-size: medium;\"> &#8211; 3\u00aa fase: Altres cursos de tots els centres.<\/span><\/span><\/p>\n<p align=\"JUSTIFY\"><span style=\"font-family: Arial, sans-serif;\"><span style=\"font-size: medium;\">Per tant, des de la Direcci\u00f3 del centre <\/span><\/span><span style=\"font-family: Arial, sans-serif;\"><span style=\"font-size: medium;\"><i><b>estem a l\u2019espera que Inspecci\u00f3 i Ajuntament es coordinin amb nosaltres. <\/b><\/i><\/span><\/span><span style=\"font-family: Arial, sans-serif;\"><span style=\"font-size: medium;\">En quant tinguem informaci\u00f3 la farem arribar a les fam\u00edlies que siguin beneficiades d\u2019aquest suport.<\/span><\/span><\/p>\n<p align=\"JUSTIFY\"><span style=\"font-family: Arial, sans-serif;\"><span style=\"font-size: medium;\">Des del propi Ajuntament de Barber\u00e0 del Vall\u00e8s est\u00e0 mobilitzant recursos per donar resposta a l\u2019acompanyament de l&#8217;alumnat m\u00e9s vulnerable. S\u2019est\u00e0 acabant d\u2019elaborar convenis per tal que els educadors del Centre Obert, que acompanyen a alguns infants del centre puguin continuar fent la seva tasca d\u2019acompanyament emocional i d\u2019estudi assistit a algunes fam\u00edlies. Sumant tots aquests recursos volen aconseguir tenir una soluci\u00f3 per cada infant del municipi.<\/span><\/span><\/p>\n<p align=\"JUSTIFY\"><span style=\"font-family: Arial, sans-serif;\"><span style=\"font-size: medium;\">Com a claustre estem organitzant-nos pel disseny d\u2019unes propostes que es centrin en una activitat formativa que ajudi a mantenir els h\u00e0bits i el proc\u00e9s d\u2019aprenentatge assolit fins ara, amb propostes educatives que arribin a tot l\u2019alumnat i que compleixin els principis d\u2019inclusi\u00f3 de la nostra escola. No es donaran nous continguts.<\/span><\/span><\/p>\n<p align=\"JUSTIFY\"><span style=\"font-family: Arial, sans-serif;\"><span style=\"font-size: medium;\">Aix\u00ed mateix, el seguiment tutorial i el suport emocional a l\u2019alumnat i a les fam\u00edlies prenen en el context actual m\u00e9s rellev\u00e0ncia que mai i, molt especialment, en el cas de l\u2019alumnat que mostri m\u00e9s dificultats a l\u2019hora de participar en les activitats proposades per m\u00faltiples raons generadores d\u2019aquest nou context social. <\/span><\/span><\/p>\n<p align=\"JUSTIFY\"><span style=\"font-family: Arial, sans-serif;\"><span style=\"font-size: medium;\">Des de cadascuna de les nostres llars, us enviem els millors desitjos. Esperem retrobar-nos tan aviat com sigui possible.<\/span><\/span><\/p>\n<p align=\"JUSTIFY\"><span style=\"font-family: Arial, sans-serif;\"><span style=\"font-size: medium;\">Quedem a la vostra disposici\u00f3 per qualsevol neguit o inquietud que vulgueu compartir amb nosaltres al correu electr\u00f2nic <\/span><\/span><span style=\"color: #0000ff;\"><u><a href=\"mailto:a8039641@xtec.cat\"><span style=\"font-family: Arial, sans-serif;\"><span style=\"font-size: medium;\">a8039641@xtec.cat<\/span><\/span><\/a><\/u><\/span><span style=\"font-family: Arial, sans-serif;\"><span style=\"font-size: medium;\">.<\/span><\/span><\/p>\n<p align=\"JUSTIFY\"><span style=\"font-family: Arial, sans-serif;\"><span style=\"font-size: medium;\">Equip Directiu#JoEmQuedoACasa<\/span><\/span><\/p>\n","protected":false},"excerpt":{"rendered":"<p>Benvolgudes fam\u00edlies,<br \/>\nCom ja us vam informar fa uns dies iniciem el tercer trimestre en confinament, ra\u00f3 per la qual el Departament d&#8217;Educaci\u00f3 ha establert uns criteris per a que la doc\u00e8ncia sigui virtual i valorable.<br \/>\n\u00c9s per aquest motiu que veiem necessari que sigueu coneixedores del&hellip;  <a href=\"https:\/\/agora.xtec.cat\/escolapablopicasso\/general\/comunicat-sobre-lenquesta-de-connectivitat\/\" title=\"Read COMUNICAT SOBRE L&#8217;ENQUESTA DE CONNECTIVITAT\">Llegeix m\u00e9s\u00bb<\/a><\/p>\n","protected":false},"author":5,"featured_media":5578,"comment_status":"open","ping_status":"closed","sticky":false,"template":"","format":"standard","meta":{"_bbp_topic_count":0,"_bbp_reply_count":0,"_bbp_total_topic_count":0,"_bbp_total_reply_count":0,"_bbp_voice_count":0,"_bbp_anonymous_reply_count":0,"_bbp_topic_count_hidden":0,"_bbp_reply_count_hidden":0,"_bbp_forum_subforum_count":0,"footnotes":""},"categories":[1,4],"tags":[],"class_list":["post-5338","post","type-post","status-publish","format-standard","has-post-thumbnail","hentry","category-general","category-portada"],"post_mailing_queue_ids":[],"_links":{"self":[{"href":"https:\/\/agora.xtec.cat\/escolapablopicasso\/wp-json\/wp\/v2\/posts\/5338","targetHints":{"allow":["GET"]}}],"collection":[{"href":"https:\/\/agora.xtec.cat\/escolapablopicasso\/wp-json\/wp\/v2\/posts"}],"about":[{"href":"https:\/\/agora.xtec.cat\/escolapablopicasso\/wp-json\/wp\/v2\/types\/post"}],"author":[{"embeddable":true,"href":"https:\/\/agora.xtec.cat\/escolapablopicasso\/wp-json\/wp\/v2\/users\/5"}],"replies":[{"embeddable":true,"href":"https:\/\/agora.xtec.cat\/escolapablopicasso\/wp-json\/wp\/v2\/comments?post=5338"}],"version-history":[{"count":1,"href":"https:\/\/agora.xtec.cat\/escolapablopicasso\/wp-json\/wp\/v2\/posts\/5338\/revisions"}],"predecessor-version":[{"id":5339,"href":"https:\/\/agora.xtec.cat\/escolapablopicasso\/wp-json\/wp\/v2\/posts\/5338\/revisions\/5339"}],"wp:featuredmedia":[{"embeddable":true,"href":"https:\/\/agora.xtec.cat\/escolapablopicasso\/wp-json\/wp\/v2\/media\/5578"}],"wp:attachment":[{"href":"https:\/\/agora.xtec.cat\/escolapablopicasso\/wp-json\/wp\/v2\/media?parent=5338"}],"wp:term":[{"taxonomy":"category","embeddable":true,"href":"https:\/\/agora.xtec.cat\/escolapablopicasso\/wp-json\/wp\/v2\/categories?post=5338"},{"taxonomy":"post_tag","embeddable":true,"href":"https:\/\/agora.xtec.cat\/escolapablopicasso\/wp-json\/wp\/v2\/tags?post=5338"}],"curies":[{"name":"wp","href":"https:\/\/api.w.org\/{rel}","templated":true}]}}