{"id":5309,"date":"2020-04-01T12:48:18","date_gmt":"2020-04-01T10:48:18","guid":{"rendered":"http:\/\/agora.xtec.cat\/escolapablopicasso\/?p=5309"},"modified":"2020-06-09T16:39:05","modified_gmt":"2020-06-09T14:39:05","slug":"lartista-del-mes-abril","status":"publish","type":"post","link":"https:\/\/agora.xtec.cat\/escolapablopicasso\/general\/lartista-del-mes-abril\/","title":{"rendered":"L&#8217;artista del mes (abril)"},"content":{"rendered":"<p>Aquesta vegada el format ser\u00e0 diferent ja que les circumst\u00e0ncies tamb\u00e9 ho s\u00f3n&#8230;<br \/>\nEl confinament que estem patint fa que pensem molt en el que NO podem fer: no podem sortir al parc, no podem anar a l\u2019escola ni a visitar a ning\u00fa, no podem anar al c\u00e0mping o a la platja&#8230; Quina pena! Per\u00f2 al mateix temps, ens fa ser m\u00e9s conscients i valorar el que S\u00cd tenim a dins de casa.<br \/>\nDes de fa un temps que molts artistes, a partir de materials quotidians com accessoris, joguines, aliments&#8230; construeixen petits mons en miniatura plens de creativitat. D\u2019entre tots ells hem triat a <strong>TANAKA TATSUYA<\/strong><\/p>\n<p><img decoding=\"async\" class=\"aligncenter\" src=\"https:\/\/www.nippon.com\/es\/people\/e00139\/img\/02_11028.jpg\" alt=\"El fascinante mundo en miniatura de Tanaka Tatsuya | Nippon.com\" \/><\/p>\n<p><strong>Tanaka Tatsuya<\/strong> \u00e9s un fot\u00f2graf i director d&#8217;art nascut a Kumamoto, Jap\u00f3, el 1981. El seu treball inclou escenes de diorames que inclouen algunes vegades personatges coneguts com Mario Bros i Goku.<\/p>\n<p><img loading=\"lazy\" decoding=\"async\" class=\"aligncenter\" src=\"https:\/\/i.pinimg.com\/originals\/38\/86\/84\/388684eeea85e7fcd53c9f254cc0881b.jpg\" alt=\"Miniature Art By Tatsuya Tanaka | Fotograf\u00eda en miniatura ...\" width=\"600\" height=\"600\" \/><\/p>\n<p><img loading=\"lazy\" decoding=\"async\" class=\"aligncenter\" src=\"https:\/\/img.microsiervos.com\/images2017\/MiniatureCalendarTatsuyaTanaka171028sat.jpg\" alt=\"Los maravillosos mundos en miniatura de Tatsuya Tanaka ...\" width=\"600\" height=\"600\" \/><\/p>\n<p><img loading=\"lazy\" decoding=\"async\" class=\"aligncenter\" src=\"https:\/\/i1.wp.com\/www.caninomag.es\/wp-content\/uploads\/2017\/06\/calendariominiatura15.jpg?resize=600%2C0&amp;ssl=1\" alt=\"Miniature Calendar: Descubre el mundo en miniatura de Tanaka Tatsuya\" width=\"600\" height=\"600\" \/><\/p>\n<p><img loading=\"lazy\" decoding=\"async\" class=\"aligncenter\" src=\"https:\/\/inventarie.files.wordpress.com\/2019\/02\/tanaka-miniatura-1.jpg\" alt=\"Tanaka Tatsuya \/ Im\u00e1genes | Inventarie\" width=\"599\" height=\"599\" \/><\/p>\n<p>Hi ha molt\u00edssimes fotografies. Busqueu a internet i gaudireu una bona estona amb les seves creacions.<br \/>\nA partir de les seves idees, proposem que feu les vostres composicions de mons en miniatura, fer una foto i enviar-la al correu de l\u2019escola i quan es rebin uns quants els anirem penjant a la nostra web.<br \/>\nEi! Com que tothom est\u00e0 tancat a casa. Tots i totes esteu convidats a participar fam\u00edlies, mestres, infants&#8230;<br \/>\nOMPLIM LA WEB AMB ELS NOSTRES MINIMONS!<\/p>\n<p>(ja hem vist que en Tanaka fa servir un ninos mooolt petits. Vosaltres feu els minimons amb els que tingueu: clics, playmobils, superherois&#8230; encara que al final el vostre m\u00f3n no sigui tan mini)<\/p>\n<p>M\u00e9s informaci\u00f3: <a href=\"https:\/\/ca.globalvoices.org\/2015\/10\/cada-dia-aquest-artista-japones-crea-un-diorama-curios-amb-clips-de-paper-broquil-o-microxips\/\">https:\/\/ca.globalvoices.org\/2015\/10\/cada-dia-aquest-artista-japones-crea-un-diorama-curios-amb-clips-de-paper-broquil-o-microxips\/<\/a><\/p>\n","protected":false},"excerpt":{"rendered":"<p>Aquesta vegada el format ser\u00e0 diferent ja que les circumst\u00e0ncies tamb\u00e9 ho s\u00f3n&#8230;<br \/>\nEl confinament que estem patint fa que pensem molt en el que NO podem fer: no podem sortir al parc, no podem anar a l\u2019escola ni a visitar a ning\u00fa, no podem anar&hellip;  <a href=\"https:\/\/agora.xtec.cat\/escolapablopicasso\/general\/lartista-del-mes-abril\/\" title=\"Read L&#8217;artista del mes (abril)\">Llegeix m\u00e9s\u00bb<\/a><\/p>\n","protected":false},"author":5,"featured_media":5581,"comment_status":"open","ping_status":"closed","sticky":false,"template":"","format":"standard","meta":{"_bbp_topic_count":0,"_bbp_reply_count":0,"_bbp_total_topic_count":0,"_bbp_total_reply_count":0,"_bbp_voice_count":0,"_bbp_anonymous_reply_count":0,"_bbp_topic_count_hidden":0,"_bbp_reply_count_hidden":0,"_bbp_forum_subforum_count":0,"footnotes":""},"categories":[1,4],"tags":[],"class_list":["post-5309","post","type-post","status-publish","format-standard","has-post-thumbnail","hentry","category-general","category-portada"],"post_mailing_queue_ids":[],"_links":{"self":[{"href":"https:\/\/agora.xtec.cat\/escolapablopicasso\/wp-json\/wp\/v2\/posts\/5309","targetHints":{"allow":["GET"]}}],"collection":[{"href":"https:\/\/agora.xtec.cat\/escolapablopicasso\/wp-json\/wp\/v2\/posts"}],"about":[{"href":"https:\/\/agora.xtec.cat\/escolapablopicasso\/wp-json\/wp\/v2\/types\/post"}],"author":[{"embeddable":true,"href":"https:\/\/agora.xtec.cat\/escolapablopicasso\/wp-json\/wp\/v2\/users\/5"}],"replies":[{"embeddable":true,"href":"https:\/\/agora.xtec.cat\/escolapablopicasso\/wp-json\/wp\/v2\/comments?post=5309"}],"version-history":[{"count":3,"href":"https:\/\/agora.xtec.cat\/escolapablopicasso\/wp-json\/wp\/v2\/posts\/5309\/revisions"}],"predecessor-version":[{"id":5312,"href":"https:\/\/agora.xtec.cat\/escolapablopicasso\/wp-json\/wp\/v2\/posts\/5309\/revisions\/5312"}],"wp:featuredmedia":[{"embeddable":true,"href":"https:\/\/agora.xtec.cat\/escolapablopicasso\/wp-json\/wp\/v2\/media\/5581"}],"wp:attachment":[{"href":"https:\/\/agora.xtec.cat\/escolapablopicasso\/wp-json\/wp\/v2\/media?parent=5309"}],"wp:term":[{"taxonomy":"category","embeddable":true,"href":"https:\/\/agora.xtec.cat\/escolapablopicasso\/wp-json\/wp\/v2\/categories?post=5309"},{"taxonomy":"post_tag","embeddable":true,"href":"https:\/\/agora.xtec.cat\/escolapablopicasso\/wp-json\/wp\/v2\/tags?post=5309"}],"curies":[{"name":"wp","href":"https:\/\/api.w.org\/{rel}","templated":true}]}}