{"id":5249,"date":"2020-03-17T13:26:36","date_gmt":"2020-03-17T12:26:36","guid":{"rendered":"http:\/\/agora.xtec.cat\/escolapablopicasso\/?p=5249"},"modified":"2020-06-09T16:52:40","modified_gmt":"2020-06-09T14:52:40","slug":"infoescola","status":"publish","type":"post","link":"https:\/\/agora.xtec.cat\/escolapablopicasso\/general\/infoescola\/","title":{"rendered":"INFOESCOLA"},"content":{"rendered":"<p>El Departament d&#8217;Educaci\u00f3 ha creat un butllet\u00ed, l&#8217;INFOESCOLA dirigit a fam\u00edlies on hi podeu trobar informaci\u00f3 d&#8217;\u00faltima hora.<\/p>\n<p>Els seus principals objectius s\u00f3n: donar a con\u00e8ixer el servei educatiu d&#8217;una forma senzilla i propera; informar sobre els ensenyaments, nous programes, experi\u00e8ncies pioneres; explicar de forma clara la gesti\u00f3 de tr\u00e0mits educatius; contribuir en els debats per aconseguir grans consensos al voltant de l&#8217;educaci\u00f3, i oferir consells per a les fam\u00edlies relacionats amb el projecte compartit d&#8217;educar els infants i adolescents.<\/p>\n<p>Us animem que us hi subscriviu per estar al dia de les pol\u00edtiques educatives que porta a terme el Departament d&#8217;Educaci\u00f3. Mensualment rebreu aquest butllet\u00ed que concentra la informaci\u00f3 d&#8217;actualitat a la vostra adre\u00e7a electr\u00f2nica.<\/p>\n<p><a href=\"http:\/\/ensenyament.gencat.cat\/ca\/departament\/publicacions\/butlletins\/infoescola\/\">http:\/\/ensenyament.gencat.cat\/ca\/departament\/publicacions\/butlletins\/infoescola\/<\/a><\/p>\n<p><a href=\"http:\/\/ensenyament.gencat.cat\/ca\/departament\/publicacions\/butlletins\/infoescola\/butlleti-06\/\"><img loading=\"lazy\" decoding=\"async\" class=\"aligncenter size-full wp-image-5250\" src=\"https:\/\/agora.xtec.cat\/escolapablopicasso\/wp-content\/uploads\/usu295\/2020\/03\/infoescola.jpg\" alt=\"\" width=\"585\" height=\"575\" srcset=\"https:\/\/agora.xtec.cat\/escolapablopicasso\/wp-content\/uploads\/usu295\/2020\/03\/infoescola.jpg 585w, https:\/\/agora.xtec.cat\/escolapablopicasso\/wp-content\/uploads\/usu295\/2020\/03\/infoescola-300x295.jpg 300w\" sizes=\"auto, (max-width: 585px) 100vw, 585px\" \/><\/a><\/p>\n<p style=\"text-align: right;\">INFOESCOLA, n\u00fam. 6- febrer de 2020<\/p>\n","protected":false},"excerpt":{"rendered":"<p>El Departament d&#8217;Educaci\u00f3 ha creat un butllet\u00ed, l&#8217;INFOESCOLA dirigit a fam\u00edlies on hi podeu trobar informaci\u00f3 d&#8217;\u00faltima hora.<br \/>\nEls seus principals objectius s\u00f3n: donar a con\u00e8ixer el servei educatiu d&#8217;una forma senzilla i propera; informar sobre els ensenyaments, nous programes, experi\u00e8ncies pioneres; explicar de forma clara&hellip;  <a href=\"https:\/\/agora.xtec.cat\/escolapablopicasso\/general\/infoescola\/\" title=\"Read INFOESCOLA\">Llegeix m\u00e9s\u00bb<\/a><\/p>\n","protected":false},"author":5,"featured_media":5250,"comment_status":"open","ping_status":"closed","sticky":false,"template":"","format":"standard","meta":{"_bbp_topic_count":0,"_bbp_reply_count":0,"_bbp_total_topic_count":0,"_bbp_total_reply_count":0,"_bbp_voice_count":0,"_bbp_anonymous_reply_count":0,"_bbp_topic_count_hidden":0,"_bbp_reply_count_hidden":0,"_bbp_forum_subforum_count":0,"footnotes":""},"categories":[1,4],"tags":[],"class_list":["post-5249","post","type-post","status-publish","format-standard","has-post-thumbnail","hentry","category-general","category-portada"],"post_mailing_queue_ids":[],"_links":{"self":[{"href":"https:\/\/agora.xtec.cat\/escolapablopicasso\/wp-json\/wp\/v2\/posts\/5249","targetHints":{"allow":["GET"]}}],"collection":[{"href":"https:\/\/agora.xtec.cat\/escolapablopicasso\/wp-json\/wp\/v2\/posts"}],"about":[{"href":"https:\/\/agora.xtec.cat\/escolapablopicasso\/wp-json\/wp\/v2\/types\/post"}],"author":[{"embeddable":true,"href":"https:\/\/agora.xtec.cat\/escolapablopicasso\/wp-json\/wp\/v2\/users\/5"}],"replies":[{"embeddable":true,"href":"https:\/\/agora.xtec.cat\/escolapablopicasso\/wp-json\/wp\/v2\/comments?post=5249"}],"version-history":[{"count":1,"href":"https:\/\/agora.xtec.cat\/escolapablopicasso\/wp-json\/wp\/v2\/posts\/5249\/revisions"}],"predecessor-version":[{"id":5251,"href":"https:\/\/agora.xtec.cat\/escolapablopicasso\/wp-json\/wp\/v2\/posts\/5249\/revisions\/5251"}],"wp:featuredmedia":[{"embeddable":true,"href":"https:\/\/agora.xtec.cat\/escolapablopicasso\/wp-json\/wp\/v2\/media\/5250"}],"wp:attachment":[{"href":"https:\/\/agora.xtec.cat\/escolapablopicasso\/wp-json\/wp\/v2\/media?parent=5249"}],"wp:term":[{"taxonomy":"category","embeddable":true,"href":"https:\/\/agora.xtec.cat\/escolapablopicasso\/wp-json\/wp\/v2\/categories?post=5249"},{"taxonomy":"post_tag","embeddable":true,"href":"https:\/\/agora.xtec.cat\/escolapablopicasso\/wp-json\/wp\/v2\/tags?post=5249"}],"curies":[{"name":"wp","href":"https:\/\/api.w.org\/{rel}","templated":true}]}}