{"id":5237,"date":"2020-05-09T20:45:06","date_gmt":"2020-05-09T18:45:06","guid":{"rendered":"http:\/\/agora.xtec.cat\/escolapablopicasso\/?p=5237"},"modified":"2020-06-09T14:10:07","modified_gmt":"2020-06-09T12:10:07","slug":"preinscripcio-curs-2020-2021","status":"publish","type":"post","link":"https:\/\/agora.xtec.cat\/escolapablopicasso\/general\/preinscripcio-curs-2020-2021\/","title":{"rendered":"PREINSCRIPCI\u00d3 CURS 2020-2021"},"content":{"rendered":"<div class=\"texte-avis-modalitats\">\n<div><a href=\"https:\/\/agora.xtec.cat\/escolapablopicasso\/wp-content\/uploads\/usu295\/2020\/05\/calendari.png\"><img loading=\"lazy\" decoding=\"async\" class=\"aligncenter wp-image-5488 size-full\" src=\"https:\/\/agora.xtec.cat\/escolapablopicasso\/wp-content\/uploads\/usu295\/2020\/05\/calendari.png\" alt=\"\" width=\"785\" height=\"533\" srcset=\"https:\/\/agora.xtec.cat\/escolapablopicasso\/wp-content\/uploads\/usu295\/2020\/05\/calendari.png 785w, https:\/\/agora.xtec.cat\/escolapablopicasso\/wp-content\/uploads\/usu295\/2020\/05\/calendari-300x204.png 300w, https:\/\/agora.xtec.cat\/escolapablopicasso\/wp-content\/uploads\/usu295\/2020\/05\/calendari-768x521.png 768w\" sizes=\"auto, (max-width: 785px) 100vw, 785px\" \/><\/a><\/div>\n<div><\/div>\n<\/div>\n<div><\/div>\n<div><\/div>\n<div><\/div>\n<div><\/div>\n<div>\n<p>&nbsp;<\/p>\n<p>A causa del tancament de centres com a prevenci\u00f3 de l&#8217;extenci\u00f3 del Coronavirus, el Departament d&#8217;Educaci\u00f3 va decidir ajornar la preinscripci\u00f3 escolar del segon cicle d&#8217;Infantil, Prim\u00e0ria i Secund\u00e0ria.<\/p>\n<p>Les noves dates de preinscripci\u00f3 s\u00f3n del <strong>13 al 22 de maig<\/strong> \u200bde manera telem\u00e0tica.<\/p>\n<p style=\"text-align: center;\"><strong>ACCEDEIX A LA PREINSCRIPCI\u00d3<\/strong> <a href=\"https:\/\/agora.xtec.cat\/escolapablopicasso\/preinscripcio-curs-2020-2021\/\">aqu\u00ed.<\/a><\/p>\n<p>Els darrers dies del termini (del <strong>19 al 22 de maig<\/strong>), demanant cita pr\u00e8via <a href=\"https:\/\/aplicacions.gestioeducativa.gencat.cat\/pls\/apex\/f?p=CITA_PREVIA:4::::4:P4_TIPUS_CALENDARI,P4_DOMINI:01_Oblig,08039641\">aqu\u00ed<\/a>, es podr\u00e0 fer de manera presencial per part d\u2019aquelles fam\u00edlies que no puguin fer-la telem\u00e0ticament. Es recomana a tothom que opteu per la forma <strong>telem\u00e0tica<\/strong>. Aquest sistema ha de ser per casos excepcionals i que cal confirmar primer trucant per tel\u00e8fon <strong>937184590 <\/strong>(de 9 a 13h) o correu de l&#8217;escola.<\/p>\n<p><strong>Al centre nom\u00e9s podr\u00e0 venir una \u00fanica persona, sense infants, amb la documentaci\u00f3 emplenada i equipat amb guants, mascareta i bol\u00edgraf personal.<\/strong><\/p>\n<p>Clicant <a href=\"http:\/\/agora.xtec.cat\/escolapablopicasso\/preinscripcio-curs-2020-2021\/oferta-inicial-de-places\/\">aqu\u00ed<\/a> trobareu l&#8217;oferta de places disponible pel curs 20-21<\/p>\n<p>Els resguards de les sol\u00b7licituds\u00a0 i la documentaci\u00f3 s\u2019hauran d\u2019enviar a l\u2019adre\u00e7a <a href=\"mailto:a8039641@xtec.cat\">a8039641@xtec.cat<\/a> (a l\u2019assumpte caldr\u00e0 indicar: PREINSCRIPCI\u00d3 + NOM I COGNOMS DE L\u2019INFANT)<\/p>\n<p>A l\u2019Escola Pablo Picasso ja vam fer la sessi\u00f3 de portes obertes el dimarts 10 de mar\u00e7. Per aquelles fam\u00edlies que no vareu poder assistir a les sessions de portes obertes us recomanem que doneu un cop d\u2019ull al men\u00fa del web i cliqueu <a href=\"https:\/\/agora.xtec.cat\/escolapablopicasso\/lescola\/\">aqu\u00ed<\/a> (apartat <a href=\"https:\/\/agora.xtec.cat\/escolapablopicasso\/lescola\/\">L&#8217;escola.)<\/a><\/p>\n<p>Quan s\u2019aixequi la suspensi\u00f3 de tr\u00e0mits administratius es publicar\u00e0 el calendari definitiu i les instruccions concretes per garantir les mesures de protecci\u00f3. Per m\u00e9s informaci\u00f3 cliqueu\u00a0<a href=\"http:\/\/queestudiar.gencat.cat\/ca\/preinscripcio\/\">aqu\u00ed <\/a>(web<a href=\"http:\/\/queestudiar.gencat.cat\/ca\/preinscripcio\/\"> Departament Educaci\u00f3<\/a>).<\/p>\n<\/div>\n","protected":false},"excerpt":{"rendered":"<p><a href=\"https:\/\/agora.xtec.cat\/escolapablopicasso\/wp-content\/uploads\/usu295\/2020\/05\/calendari.png\"><\/a><\/p>\n<p>&nbsp;<br \/>\nA causa del tancament de centres com a prevenci\u00f3 de l&#8217;extenci\u00f3 del Coronavirus, el Departament d&#8217;Educaci\u00f3 va decidir ajornar la preinscripci\u00f3 escolar del segon cicle d&#8217;Infantil, Prim\u00e0ria i Secund\u00e0ria.<br \/>\nLes noves dates de preinscripci\u00f3 s\u00f3n del 13 al 22 de maig \u200bde manera telem\u00e0tica.<br \/>\nACCEDEIX A&hellip;  <a href=\"https:\/\/agora.xtec.cat\/escolapablopicasso\/general\/preinscripcio-curs-2020-2021\/\" title=\"Read PREINSCRIPCI\u00d3 CURS 2020-2021\">Llegeix m\u00e9s\u00bb<\/a><\/p>\n","protected":false},"author":5,"featured_media":5488,"comment_status":"open","ping_status":"closed","sticky":false,"template":"","format":"standard","meta":{"_bbp_topic_count":0,"_bbp_reply_count":0,"_bbp_total_topic_count":0,"_bbp_total_reply_count":0,"_bbp_voice_count":0,"_bbp_anonymous_reply_count":0,"_bbp_topic_count_hidden":0,"_bbp_reply_count_hidden":0,"_bbp_forum_subforum_count":0,"footnotes":""},"categories":[1,4],"tags":[],"class_list":["post-5237","post","type-post","status-publish","format-standard","has-post-thumbnail","hentry","category-general","category-portada"],"post_mailing_queue_ids":[],"_links":{"self":[{"href":"https:\/\/agora.xtec.cat\/escolapablopicasso\/wp-json\/wp\/v2\/posts\/5237","targetHints":{"allow":["GET"]}}],"collection":[{"href":"https:\/\/agora.xtec.cat\/escolapablopicasso\/wp-json\/wp\/v2\/posts"}],"about":[{"href":"https:\/\/agora.xtec.cat\/escolapablopicasso\/wp-json\/wp\/v2\/types\/post"}],"author":[{"embeddable":true,"href":"https:\/\/agora.xtec.cat\/escolapablopicasso\/wp-json\/wp\/v2\/users\/5"}],"replies":[{"embeddable":true,"href":"https:\/\/agora.xtec.cat\/escolapablopicasso\/wp-json\/wp\/v2\/comments?post=5237"}],"version-history":[{"count":5,"href":"https:\/\/agora.xtec.cat\/escolapablopicasso\/wp-json\/wp\/v2\/posts\/5237\/revisions"}],"predecessor-version":[{"id":5516,"href":"https:\/\/agora.xtec.cat\/escolapablopicasso\/wp-json\/wp\/v2\/posts\/5237\/revisions\/5516"}],"wp:featuredmedia":[{"embeddable":true,"href":"https:\/\/agora.xtec.cat\/escolapablopicasso\/wp-json\/wp\/v2\/media\/5488"}],"wp:attachment":[{"href":"https:\/\/agora.xtec.cat\/escolapablopicasso\/wp-json\/wp\/v2\/media?parent=5237"}],"wp:term":[{"taxonomy":"category","embeddable":true,"href":"https:\/\/agora.xtec.cat\/escolapablopicasso\/wp-json\/wp\/v2\/categories?post=5237"},{"taxonomy":"post_tag","embeddable":true,"href":"https:\/\/agora.xtec.cat\/escolapablopicasso\/wp-json\/wp\/v2\/tags?post=5237"}],"curies":[{"name":"wp","href":"https:\/\/api.w.org\/{rel}","templated":true}]}}