{"id":5231,"date":"2020-03-16T09:00:47","date_gmt":"2020-03-16T08:00:47","guid":{"rendered":"http:\/\/agora.xtec.cat\/escolapablopicasso\/?p=5231"},"modified":"2020-06-09T16:47:51","modified_gmt":"2020-06-09T14:47:51","slug":"recomanacions-i-propostes","status":"publish","type":"post","link":"https:\/\/agora.xtec.cat\/escolapablopicasso\/general\/recomanacions-i-propostes\/","title":{"rendered":"RECOMANACIONS I PROPOSTES"},"content":{"rendered":"<p><span style=\"font-family: Arial, sans-serif;\"><span style=\"font-size: small;\">Bon dia fam\u00edlies! Com aneu?<\/span><\/span><\/p>\n<p align=\"JUSTIFY\"><span style=\"font-family: Arial, sans-serif;\"><span style=\"font-size: small;\">El final de la jornada del passat dijous va ser una mica accelerat. Algunes tutores, pensant en el cap de setmana, ja havien programat el posar una mica de deures i els tenien preparats pel seu alumnat; per\u00f2, altres, \u00e9s possible que marxessin sense feina per aquests dies.<\/span><\/span><\/p>\n<p align=\"JUSTIFY\"><span style=\"font-family: Arial, sans-serif;\"><span style=\"font-size: small;\">D\u2019una manera o altra, des de l\u2019escola us volem fer algunes <\/span><\/span><span style=\"font-family: Arial, sans-serif;\"><span style=\"font-size: small;\"><b>recomanacions<\/b><\/span><\/span><span style=\"font-family: Arial, sans-serif;\"><span style=\"font-size: small;\"> per tal que pugueu anar repassant i treballant alguns aspectes amb els vostres fills\/es:<\/span><\/span><\/p>\n<ul>\n<li>\n<p lang=\"es-ES\" align=\"JUSTIFY\"><span style=\"font-family: Calibri, sans-serif;\"><span style=\"font-size: small;\"><span style=\"font-family: Arial, sans-serif;\"><span lang=\"ca-ES\">Llegiu una mica amb els m\u00e9s petits\/es i els m\u00e9s grans que ho facin sols.<\/span><\/span><\/span><\/span><\/p>\n<\/li>\n<li>\n<p lang=\"es-ES\" align=\"JUSTIFY\"><span style=\"font-family: Calibri, sans-serif;\"><span style=\"font-size: small;\"><span style=\"font-family: Arial, sans-serif;\"><span lang=\"ca-ES\">Aprofiteu aquestes lectures per fer una comprensi\u00f3 (qu\u00e8 han ent\u00e8s, qui era el protagonista de la hist\u00f2ria, detalls que apareixen descrits, ens podem inventar un final diferent, canviem el t\u00edtol&#8230;). Aquest treball es pot fer de manera oral o b\u00e9 per escrit.<\/span><\/span><\/span><\/span><\/p>\n<\/li>\n<li>\n<p lang=\"es-ES\" align=\"JUSTIFY\"><span style=\"font-family: Calibri, sans-serif;\"><span style=\"font-size: small;\"><span style=\"font-family: Arial, sans-serif;\"><span lang=\"ca-ES\">Podeu buscar la imatge d\u2019un personatge, lloc, &#8230; que els agradi i fer la seva descripci\u00f3.<\/span><\/span><\/span><\/span><\/p>\n<\/li>\n<li>\n<p lang=\"es-ES\" align=\"JUSTIFY\"><span style=\"font-family: Calibri, sans-serif;\"><span style=\"font-size: small;\"><span style=\"font-family: Arial, sans-serif;\"><span lang=\"ca-ES\">Busqueu informaci\u00f3 sobre temes que els puguin interessar i feu un petit recull del que heu investigat. (Vosaltres nom\u00e9s heu de fer de guia!).<\/span><\/span><\/span><\/span><\/p>\n<\/li>\n<li>\n<p lang=\"ca-ES\" align=\"JUSTIFY\"><span style=\"font-family: Arial, sans-serif;\"><span style=\"font-size: small;\">Dibuixeu amb diferents materials.<\/span><\/span><\/p>\n<\/li>\n<li>\n<p lang=\"es-ES\" align=\"JUSTIFY\"><span style=\"font-family: Calibri, sans-serif;\"><span style=\"font-size: small;\"><span style=\"font-family: Arial, sans-serif;\"><span lang=\"ca-ES\">D\u2019alguna pel\u00b7l\u00edcula, s\u00e8rie que vegin, fer un petit resum i opini\u00f3 (de qu\u00e8 va, qu\u00e8 els hi ha agradat o no, justificant el que expossin, &#8230;). Ho poden fer oralment i\/o per escrit.<\/span><\/span><\/span><\/span><\/p>\n<\/li>\n<li>\n<p lang=\"es-ES\" align=\"JUSTIFY\"><span style=\"font-family: Calibri, sans-serif;\"><span style=\"font-size: small;\"><span style=\"font-family: Arial, sans-serif;\"><span lang=\"ca-ES\">Repasseu les operacions matem\u00e0tiques que esteu treballant a classe i les ja consolidades.<\/span><\/span><\/span><\/span><\/p>\n<\/li>\n<li>\n<p lang=\"es-ES\" align=\"JUSTIFY\"><span style=\"font-family: Calibri, sans-serif;\"><span style=\"font-size: small;\"><span style=\"font-family: Arial, sans-serif;\"><span lang=\"ca-ES\">Busqueu a les p\u00e0gines web (<a href=\"http:\/\/www.edu3.cat\/\">edu3.cat<\/a>), jocs educatius (<a href=\"http:\/\/www.edu365.cat\/\">edu365<\/a>) Dins la nostra web tamb\u00e9 hi ha links educatius (<a href=\"https:\/\/agora.xtec.cat\/escolapablopicasso\/enllacos\/recursos-educatius\/\">Men\u00fa\/enlla\u00e7os\/recursos educatius<\/a>) i el <a href=\"https:\/\/blocs.xtec.cat\/englishpicasso\/\">bloc d&#8217;Angl\u00e8s<\/a>.<\/span><\/span><\/span><\/span><\/p>\n<\/li>\n<li>\n<p lang=\"es-ES\" align=\"JUSTIFY\"><span style=\"font-family: Calibri, sans-serif;\"><span style=\"font-size: small;\"><span style=\"font-family: Arial, sans-serif;\"><span lang=\"ca-ES\">Feu trencaclosques i\/o jocs de l\u00f2gica.<\/span><\/span><\/span><\/span><\/p>\n<\/li>\n<li>\n<p lang=\"es-ES\" align=\"JUSTIFY\"><span style=\"font-family: Calibri, sans-serif;\"><span style=\"font-size: small;\"><span style=\"font-family: Arial, sans-serif;\"><span lang=\"ca-ES\">Canteu, balleu, &#8230;. i feu moltes activitats conjuntament. <\/span><\/span><\/span><\/span><\/p>\n<\/li>\n<li>\n<p lang=\"es-ES\" align=\"JUSTIFY\"><span style=\"font-family: Calibri, sans-serif;\"><span style=\"font-size: small;\"><span style=\"font-family: Arial, sans-serif;\"><span lang=\"ca-ES\">Compartiu idees, neguits, il\u00b7lusions&#8230; El vincle familiar, en aquests moments, \u00e9s un valor educatiu molt important. <\/span><\/span><\/span><\/span><\/p>\n<\/li>\n<li>\n<p lang=\"es-ES\" align=\"JUSTIFY\"><span style=\"font-family: Calibri, sans-serif;\"><span style=\"font-size: small;\"><span style=\"font-family: Arial, sans-serif;\"><span lang=\"ca-ES\">En les diferents xarxes, de ben segur que us han arribat molts recursos per realitzar conjunta o individualment.<\/span><\/span><\/span><\/span><\/p>\n<\/li>\n<li>\n<p lang=\"ca-ES\" align=\"JUSTIFY\"><span style=\"font-family: Arial, sans-serif;\"><span style=\"font-size: small;\">(&#8230;)<\/span><\/span><\/p>\n<\/li>\n<\/ul>\n<p align=\"JUSTIFY\"><span style=\"font-family: Arial, sans-serif;\"><span style=\"font-size: small;\">Tot aix\u00f2 s\u00f3n recomanacions, no s\u2019exigiran en tornar a les classes per\u00f2 qualsevol feina que porteu a les mestres ser\u00e0 benvinguda i apreciada. <\/span><\/span><\/p>\n<p align=\"JUSTIFY\"><span style=\"font-family: Arial, sans-serif;\"><span style=\"font-size: small;\">Davant de nova informaci\u00f3 que puguem rebre i que sigui d\u2019inter\u00e8s pel nostre centre, us la farem arribar el m\u00e9s aviat possible.<\/span><\/span><\/p>\n<p align=\"JUSTIFY\"><span style=\"font-family: Arial, sans-serif;\"><span style=\"font-size: small;\">Ens veiem a la tornada i esperem que tota la comunitat passi, aquests dies, de la millor manera possible i sense haver de lamentar episodis greus.<\/span><\/span><\/p>\n<p align=\"JUSTIFY\"><span style=\"color: #363639;\"><span style=\"font-family: Arial, sans-serif;\"><span style=\"font-size: small;\">Atentament,<\/span><\/span><\/span><\/p>\n<p style=\"text-align: right;\" align=\"JUSTIFY\"><span style=\"color: #363639;\"><span style=\"font-family: Arial, sans-serif;\"><span style=\"font-size: small;\"><span lang=\"es-ES\">Claustre de <\/span><\/span><\/span><\/span><span style=\"color: #363639;\"><span style=\"font-family: Arial, sans-serif;\"><span style=\"font-size: small;\">mestres<\/span><\/span><\/span><\/p>\n<p align=\"JUSTIFY\"><img loading=\"lazy\" decoding=\"async\" class=\"aligncenter size-full wp-image-5232\" src=\"https:\/\/agora.xtec.cat\/escolapablopicasso\/wp-content\/uploads\/usu295\/2020\/03\/RECOMANACIONSPROPOSTES.jpeg\" alt=\"\" width=\"292\" height=\"300\" \/><\/p>\n","protected":false},"excerpt":{"rendered":"<p>Bon dia fam\u00edlies! Com aneu?<br \/>\nEl final de la jornada del passat dijous va ser una mica accelerat. Algunes tutores, pensant en el cap de setmana, ja havien programat el posar una mica de deures i els tenien preparats pel seu alumnat; per\u00f2, altres, \u00e9s possible&hellip;  <a href=\"https:\/\/agora.xtec.cat\/escolapablopicasso\/general\/recomanacions-i-propostes\/\" title=\"Read RECOMANACIONS I PROPOSTES\">Llegeix m\u00e9s\u00bb<\/a><\/p>\n","protected":false},"author":5,"featured_media":5232,"comment_status":"open","ping_status":"closed","sticky":false,"template":"","format":"standard","meta":{"_bbp_topic_count":0,"_bbp_reply_count":0,"_bbp_total_topic_count":0,"_bbp_total_reply_count":0,"_bbp_voice_count":0,"_bbp_anonymous_reply_count":0,"_bbp_topic_count_hidden":0,"_bbp_reply_count_hidden":0,"_bbp_forum_subforum_count":0,"footnotes":""},"categories":[1,2,4,5],"tags":[],"class_list":["post-5231","post","type-post","status-publish","format-standard","has-post-thumbnail","hentry","category-general","category-infantil","category-portada","category-primaria"],"post_mailing_queue_ids":[],"_links":{"self":[{"href":"https:\/\/agora.xtec.cat\/escolapablopicasso\/wp-json\/wp\/v2\/posts\/5231","targetHints":{"allow":["GET"]}}],"collection":[{"href":"https:\/\/agora.xtec.cat\/escolapablopicasso\/wp-json\/wp\/v2\/posts"}],"about":[{"href":"https:\/\/agora.xtec.cat\/escolapablopicasso\/wp-json\/wp\/v2\/types\/post"}],"author":[{"embeddable":true,"href":"https:\/\/agora.xtec.cat\/escolapablopicasso\/wp-json\/wp\/v2\/users\/5"}],"replies":[{"embeddable":true,"href":"https:\/\/agora.xtec.cat\/escolapablopicasso\/wp-json\/wp\/v2\/comments?post=5231"}],"version-history":[{"count":3,"href":"https:\/\/agora.xtec.cat\/escolapablopicasso\/wp-json\/wp\/v2\/posts\/5231\/revisions"}],"predecessor-version":[{"id":5278,"href":"https:\/\/agora.xtec.cat\/escolapablopicasso\/wp-json\/wp\/v2\/posts\/5231\/revisions\/5278"}],"wp:featuredmedia":[{"embeddable":true,"href":"https:\/\/agora.xtec.cat\/escolapablopicasso\/wp-json\/wp\/v2\/media\/5232"}],"wp:attachment":[{"href":"https:\/\/agora.xtec.cat\/escolapablopicasso\/wp-json\/wp\/v2\/media?parent=5231"}],"wp:term":[{"taxonomy":"category","embeddable":true,"href":"https:\/\/agora.xtec.cat\/escolapablopicasso\/wp-json\/wp\/v2\/categories?post=5231"},{"taxonomy":"post_tag","embeddable":true,"href":"https:\/\/agora.xtec.cat\/escolapablopicasso\/wp-json\/wp\/v2\/tags?post=5231"}],"curies":[{"name":"wp","href":"https:\/\/api.w.org\/{rel}","templated":true}]}}