{"id":5190,"date":"2020-02-18T20:25:19","date_gmt":"2020-02-18T19:25:19","guid":{"rendered":"http:\/\/agora.xtec.cat\/escolapablopicasso\/?p=5190"},"modified":"2020-06-12T18:29:24","modified_gmt":"2020-06-12T16:29:24","slug":"p3-i-p4-grafisme","status":"publish","type":"post","link":"https:\/\/agora.xtec.cat\/escolapablopicasso\/general\/p3-i-p4-grafisme\/","title":{"rendered":"P3  i  P4 :  GRAFISME"},"content":{"rendered":"<p>Succe\u00efa\u00a0 aquest mat\u00ed&#8230;<\/p>\n<p>Si us plau, ens podeu deixar els pals de grafisme per a la sorra del pati gran ? ens preguntaven unes nenes de P4.\u00a0 Mentrestant,\u00a0 a P3 ja teniem les mans a la farina&#8230; : tamb\u00e9 ens havien posat a fer grafisme !! Totes dues classes hem passat una estona gaudint de diferents materials i textures. Els companys i companyes de P4 ja s\u00f3n\u00a0 m\u00e9s veteranes, per\u00f2&#8230; els petitons i petitones de l&#8217;Escola\u00a0 tamb\u00e9 hi arribarem a mida que ens anem fent m\u00e9s grans.\u00a0 Nosaltres, les mestres, tamb\u00e9 gaudim molt veient l&#8217;evoluci\u00f3 que fan i com s&#8217;ho passen de b\u00e9.\u00a0 Ho repetirem m\u00e9s dies, ben segur !!!.<\/p>\n<div style=\"width: 960px;\" class=\"wp-video\"><!--[if lt IE 9]><script>document.createElement('video');<\/script><![endif]-->\n<video class=\"wp-video-shortcode\" id=\"video-5190-1\" width=\"960\" height=\"540\" preload=\"metadata\" controls=\"controls\"><source type=\"video\/mp4\" src=\"https:\/\/agora.xtec.cat\/escolapablopicasso\/wp-content\/uploads\/usu295\/2020\/02\/grafismep3p4.mp4?_=1\" \/><a href=\"https:\/\/agora.xtec.cat\/escolapablopicasso\/wp-content\/uploads\/usu295\/2020\/02\/grafismep3p4.mp4\">https:\/\/agora.xtec.cat\/escolapablopicasso\/wp-content\/uploads\/usu295\/2020\/02\/grafismep3p4.mp4<\/a><\/video><\/div>\n<p>&nbsp;<\/p>\n","protected":false},"excerpt":{"rendered":"<p>Succe\u00efa\u00a0 aquest mat\u00ed&#8230;<br \/>\nSi us plau, ens podeu deixar els pals de grafisme per a la sorra del pati gran ? ens preguntaven unes nenes de P4.\u00a0 Mentrestant,\u00a0 a P3 ja teniem les mans a la farina&#8230; : tamb\u00e9 ens havien posat a fer grafisme !!&hellip;  <a href=\"https:\/\/agora.xtec.cat\/escolapablopicasso\/general\/p3-i-p4-grafisme\/\" title=\"Read P3  i  P4 :  GRAFISME\">Llegeix m\u00e9s\u00bb<\/a><\/p>\n","protected":false},"author":4,"featured_media":0,"comment_status":"open","ping_status":"closed","sticky":false,"template":"","format":"standard","meta":{"_bbp_topic_count":0,"_bbp_reply_count":0,"_bbp_total_topic_count":0,"_bbp_total_reply_count":0,"_bbp_voice_count":0,"_bbp_anonymous_reply_count":0,"_bbp_topic_count_hidden":0,"_bbp_reply_count_hidden":0,"_bbp_forum_subforum_count":0,"footnotes":""},"categories":[1,3,8,2],"tags":[],"class_list":["post-5190","post","type-post","status-publish","format-standard","hentry","category-general","category-i3","category-i4","category-infantil"],"post_mailing_queue_ids":[],"_links":{"self":[{"href":"https:\/\/agora.xtec.cat\/escolapablopicasso\/wp-json\/wp\/v2\/posts\/5190","targetHints":{"allow":["GET"]}}],"collection":[{"href":"https:\/\/agora.xtec.cat\/escolapablopicasso\/wp-json\/wp\/v2\/posts"}],"about":[{"href":"https:\/\/agora.xtec.cat\/escolapablopicasso\/wp-json\/wp\/v2\/types\/post"}],"author":[{"embeddable":true,"href":"https:\/\/agora.xtec.cat\/escolapablopicasso\/wp-json\/wp\/v2\/users\/4"}],"replies":[{"embeddable":true,"href":"https:\/\/agora.xtec.cat\/escolapablopicasso\/wp-json\/wp\/v2\/comments?post=5190"}],"version-history":[{"count":2,"href":"https:\/\/agora.xtec.cat\/escolapablopicasso\/wp-json\/wp\/v2\/posts\/5190\/revisions"}],"predecessor-version":[{"id":5194,"href":"https:\/\/agora.xtec.cat\/escolapablopicasso\/wp-json\/wp\/v2\/posts\/5190\/revisions\/5194"}],"wp:attachment":[{"href":"https:\/\/agora.xtec.cat\/escolapablopicasso\/wp-json\/wp\/v2\/media?parent=5190"}],"wp:term":[{"taxonomy":"category","embeddable":true,"href":"https:\/\/agora.xtec.cat\/escolapablopicasso\/wp-json\/wp\/v2\/categories?post=5190"},{"taxonomy":"post_tag","embeddable":true,"href":"https:\/\/agora.xtec.cat\/escolapablopicasso\/wp-json\/wp\/v2\/tags?post=5190"}],"curies":[{"name":"wp","href":"https:\/\/api.w.org\/{rel}","templated":true}]}}