{"id":518,"date":"2014-02-19T21:47:54","date_gmt":"2014-02-19T20:47:54","guid":{"rendered":"http:\/\/blocs.xtec.cat\/escolapablopicasso\/?p=518"},"modified":"2015-11-05T00:25:11","modified_gmt":"2015-11-04T23:25:11","slug":"essers-vius-i-essers-inerts","status":"publish","type":"post","link":"https:\/\/agora.xtec.cat\/escolapablopicasso\/general\/essers-vius-i-essers-inerts\/","title":{"rendered":"\u00c9ssers vius i \u00e9ssers inerts"},"content":{"rendered":"<p style=\"color: #eeeeee;\"><span style=\"color: #000000;\">A Coneixement del medi hem comen\u00e7at a treballar el tema dels \u00e9ssers vius i \u00e9ssers inerts.\u00a0Us deixem aquestes webs, us poden ser \u00fatils per aprendre\u2019n m\u00e9s.<\/span><\/p>\n<p style=\"color: #eeeeee;\"><iframe loading=\"lazy\" src=\"\/\/www.youtube.com\/embed\/bs4m0M8lSKg\" width=\"425\" height=\"350\"><\/iframe><\/p>\n<p style=\"color: #eeeeee;\"><iframe loading=\"lazy\" src=\"\/\/www.youtube.com\/embed\/q9N9A7a1IRo\" width=\"425\" height=\"350\"><\/iframe><\/p>\n<p>A Coneixement del medi estem treballant els animals. Hem fet 5 grups de treball i ens hem repartit la feina: Mam\u00edfers, aus, peixos, r\u00e8ptils i amfibis.\u00a0Estem aprenent moltes coses i sobretot a treballar en grup.<\/p>\n<p style=\"color: #eeeeee;\"><span style=\"color: #000000;\">Ja hem acabat els nostres murals dels animals vertebrats: amfibis, peixos, r\u00e8ptils, aus i mam\u00edfers, ara ens toca fer l\u2019exposici\u00f3 als nostres companys.<\/span>\u00a0<embed width=\"600\" height=\"400\" type=\"application\/x-shockwave-flash\" src=\"https:\/\/photos.gstatic.com\/media\/slideshow.swf\" flashvars=\"host=picasaweb.google.com&amp;hl=en_US&amp;feat=flashalbum&amp;RGB=0x000000&amp;feed=https%3A%2F%2Fpicasaweb.google.com%2Fdata%2Ffeed%2Fapi%2Fuser%2F112143533400833678857%2Falbumid%2F6074635764739728609%3Falt%3Drss%26kind%3Dphoto%26authkey%3DGv1sRgCLTS06-YlpvwIA%26hl%3Den_US\" pluginspage=\"http:\/\/www.macromedia.com\/go\/getflashplayer\"><\/embed><\/p>\n<p style=\"color: #eeeeee;\"><span style=\"color: #000000;\">L\u2019Anna, l\u2019Adri\u00e1n i l\u2019Abraham ens han ensenyat les seves mascotes.<\/span><\/p>\n","protected":false},"excerpt":{"rendered":"<p>A Coneixement del medi hem comen\u00e7at a treballar el tema dels \u00e9ssers vius i \u00e9ssers inerts.\u00a0Us deixem aquestes webs, us poden ser \u00fatils per aprendre\u2019n m\u00e9s.<\/p>\n<p>A Coneixement del medi estem treballant els animals. Hem fet 5 grups de treball i ens hem repartit la feina:&hellip;  <a href=\"https:\/\/agora.xtec.cat\/escolapablopicasso\/general\/essers-vius-i-essers-inerts\/\" title=\"Read \u00c9ssers vius i \u00e9ssers inerts\">Llegeix m\u00e9s\u00bb<\/a><\/p>\n","protected":false},"author":3,"featured_media":0,"comment_status":"open","ping_status":"open","sticky":false,"template":"","format":"standard","meta":{"_bbp_topic_count":0,"_bbp_reply_count":0,"_bbp_total_topic_count":0,"_bbp_total_reply_count":0,"_bbp_voice_count":0,"_bbp_anonymous_reply_count":0,"_bbp_topic_count_hidden":0,"_bbp_reply_count_hidden":0,"_bbp_forum_subforum_count":0,"footnotes":""},"categories":[12,1],"tags":[],"class_list":["post-518","post","type-post","status-publish","format-standard","hentry","category-3r","category-general"],"post_mailing_queue_ids":[],"_links":{"self":[{"href":"https:\/\/agora.xtec.cat\/escolapablopicasso\/wp-json\/wp\/v2\/posts\/518","targetHints":{"allow":["GET"]}}],"collection":[{"href":"https:\/\/agora.xtec.cat\/escolapablopicasso\/wp-json\/wp\/v2\/posts"}],"about":[{"href":"https:\/\/agora.xtec.cat\/escolapablopicasso\/wp-json\/wp\/v2\/types\/post"}],"author":[{"embeddable":true,"href":"https:\/\/agora.xtec.cat\/escolapablopicasso\/wp-json\/wp\/v2\/users\/3"}],"replies":[{"embeddable":true,"href":"https:\/\/agora.xtec.cat\/escolapablopicasso\/wp-json\/wp\/v2\/comments?post=518"}],"version-history":[{"count":1,"href":"https:\/\/agora.xtec.cat\/escolapablopicasso\/wp-json\/wp\/v2\/posts\/518\/revisions"}],"predecessor-version":[{"id":1629,"href":"https:\/\/agora.xtec.cat\/escolapablopicasso\/wp-json\/wp\/v2\/posts\/518\/revisions\/1629"}],"wp:attachment":[{"href":"https:\/\/agora.xtec.cat\/escolapablopicasso\/wp-json\/wp\/v2\/media?parent=518"}],"wp:term":[{"taxonomy":"category","embeddable":true,"href":"https:\/\/agora.xtec.cat\/escolapablopicasso\/wp-json\/wp\/v2\/categories?post=518"},{"taxonomy":"post_tag","embeddable":true,"href":"https:\/\/agora.xtec.cat\/escolapablopicasso\/wp-json\/wp\/v2\/tags?post=518"}],"curies":[{"name":"wp","href":"https:\/\/api.w.org\/{rel}","templated":true}]}}