{"id":5145,"date":"2020-01-29T18:12:56","date_gmt":"2020-01-29T17:12:56","guid":{"rendered":"http:\/\/agora.xtec.cat\/escolapablopicasso\/?p=5145"},"modified":"2020-01-29T18:12:56","modified_gmt":"2020-01-29T17:12:56","slug":"valors-per-fer-creixer-els-infants","status":"publish","type":"post","link":"https:\/\/agora.xtec.cat\/escolapablopicasso\/general\/valors-per-fer-creixer-els-infants\/","title":{"rendered":"VALORS PER FER CR\u00c9IXER ELS INFANTS"},"content":{"rendered":"<p><span style=\"font-family: Arial; font-size: small;\"><b>ACTIVITAT FORMATIVA GRATU\u00cfTA OBERTA A TOTES LES FAM\u00cdLIES \u00a0DE LA CIUTAT AMB FILLS I FILLES D&#8217;EDUCACI\u00d3 INFANTIL I PRIM\u00c0RIA\u00a0<\/b><\/span><br \/>\n<span style=\"font-family: sans-serif; font-size: small;\">Es faciliten algunes pinzellades te\u00f2riques i \u00a0la reflexi\u00f3 i col\u00b7loqui entre les persones participants sobre temes com el respecte per la diversitat, la responsabilitat com a pares i mares, saber aprendre dels errors, saber rectificar i perdonar-nos, tenir coher\u00e8ncia i esperit de superaci\u00f3.\u00a0<\/span><br \/>\n<span style=\"font-family: sans-serif; font-size: small;\">Es faran reflexions sobre el model de pare i mare que som, sobre la societat en la qu\u00e8 vivim, qu\u00e8 volem per als nostres infants, i com els estem influint a trav\u00e9s de l&#8217;educaci\u00f3.<\/span><\/p>\n<p><img loading=\"lazy\" decoding=\"async\" class=\"aligncenter size-large wp-image-5146\" src=\"https:\/\/agora.xtec.cat\/escolapablopicasso\/wp-content\/uploads\/usu295\/2020\/01\/Eduquem-en-fam\u00edlia-716x1024.jpeg\" alt=\"\" width=\"716\" height=\"1024\" srcset=\"https:\/\/agora.xtec.cat\/escolapablopicasso\/wp-content\/uploads\/usu295\/2020\/01\/Eduquem-en-fam\u00edlia.jpeg 716w, https:\/\/agora.xtec.cat\/escolapablopicasso\/wp-content\/uploads\/usu295\/2020\/01\/Eduquem-en-fam\u00edlia-210x300.jpeg 210w\" sizes=\"auto, (max-width: 716px) 100vw, 716px\" \/><\/p>\n","protected":false},"excerpt":{"rendered":"<p>ACTIVITAT FORMATIVA GRATU\u00cfTA OBERTA A TOTES LES FAM\u00cdLIES \u00a0DE LA CIUTAT AMB FILLS I FILLES D&#8217;EDUCACI\u00d3 INFANTIL I PRIM\u00c0RIA\u00a0<br \/>\nEs faciliten algunes pinzellades te\u00f2riques i \u00a0la reflexi\u00f3 i col\u00b7loqui entre les persones participants sobre temes com el respecte per la diversitat, la responsabilitat com a pares&hellip;  <a href=\"https:\/\/agora.xtec.cat\/escolapablopicasso\/general\/valors-per-fer-creixer-els-infants\/\" title=\"Read VALORS PER FER CR\u00c9IXER ELS INFANTS\">Llegeix m\u00e9s\u00bb<\/a><\/p>\n","protected":false},"author":1,"featured_media":0,"comment_status":"open","ping_status":"closed","sticky":false,"template":"","format":"standard","meta":{"_bbp_topic_count":0,"_bbp_reply_count":0,"_bbp_total_topic_count":0,"_bbp_total_reply_count":0,"_bbp_voice_count":0,"_bbp_anonymous_reply_count":0,"_bbp_topic_count_hidden":0,"_bbp_reply_count_hidden":0,"_bbp_forum_subforum_count":0,"footnotes":""},"categories":[1,4],"tags":[],"class_list":["post-5145","post","type-post","status-publish","format-standard","hentry","category-general","category-portada"],"post_mailing_queue_ids":[],"_links":{"self":[{"href":"https:\/\/agora.xtec.cat\/escolapablopicasso\/wp-json\/wp\/v2\/posts\/5145","targetHints":{"allow":["GET"]}}],"collection":[{"href":"https:\/\/agora.xtec.cat\/escolapablopicasso\/wp-json\/wp\/v2\/posts"}],"about":[{"href":"https:\/\/agora.xtec.cat\/escolapablopicasso\/wp-json\/wp\/v2\/types\/post"}],"author":[{"embeddable":true,"href":"https:\/\/agora.xtec.cat\/escolapablopicasso\/wp-json\/wp\/v2\/users\/1"}],"replies":[{"embeddable":true,"href":"https:\/\/agora.xtec.cat\/escolapablopicasso\/wp-json\/wp\/v2\/comments?post=5145"}],"version-history":[{"count":1,"href":"https:\/\/agora.xtec.cat\/escolapablopicasso\/wp-json\/wp\/v2\/posts\/5145\/revisions"}],"predecessor-version":[{"id":5147,"href":"https:\/\/agora.xtec.cat\/escolapablopicasso\/wp-json\/wp\/v2\/posts\/5145\/revisions\/5147"}],"wp:attachment":[{"href":"https:\/\/agora.xtec.cat\/escolapablopicasso\/wp-json\/wp\/v2\/media?parent=5145"}],"wp:term":[{"taxonomy":"category","embeddable":true,"href":"https:\/\/agora.xtec.cat\/escolapablopicasso\/wp-json\/wp\/v2\/categories?post=5145"},{"taxonomy":"post_tag","embeddable":true,"href":"https:\/\/agora.xtec.cat\/escolapablopicasso\/wp-json\/wp\/v2\/tags?post=5145"}],"curies":[{"name":"wp","href":"https:\/\/api.w.org\/{rel}","templated":true}]}}