{"id":5128,"date":"2020-01-24T09:01:54","date_gmt":"2020-01-24T08:01:54","guid":{"rendered":"http:\/\/agora.xtec.cat\/escolapablopicasso\/?p=5128"},"modified":"2020-03-16T20:21:24","modified_gmt":"2020-03-16T19:21:24","slug":"portes-obertes-2","status":"publish","type":"post","link":"https:\/\/agora.xtec.cat\/escolapablopicasso\/general\/portes-obertes-2\/","title":{"rendered":"PORTES OBERTES"},"content":{"rendered":"<p><img loading=\"lazy\" decoding=\"async\" class=\"wp-image-3760 aligncenter\" src=\"https:\/\/agora.xtec.cat\/escolapablopicasso\/wp-content\/uploads\/usu295\/2018\/01\/portesobertes2014-1-pag-ppal-web-1024x561.jpg\" alt=\"\" width=\"635\" height=\"348\" srcset=\"https:\/\/agora.xtec.cat\/escolapablopicasso\/wp-content\/uploads\/usu295\/2018\/01\/portesobertes2014-1-pag-ppal-web-1024x561.jpg 1024w, https:\/\/agora.xtec.cat\/escolapablopicasso\/wp-content\/uploads\/usu295\/2018\/01\/portesobertes2014-1-pag-ppal-web-300x164.jpg 300w, https:\/\/agora.xtec.cat\/escolapablopicasso\/wp-content\/uploads\/usu295\/2018\/01\/portesobertes2014-1-pag-ppal-web-768x420.jpg 768w\" sizes=\"auto, (max-width: 635px) 100vw, 635px\" \/><\/p>\n<p style=\"text-align: center;\">Us convidem a les Jornades de Portes Obertes del proper\u00a0<strong>dimarts, 10 de mar\u00e7<\/strong>\u00a0de <strong>15.15h a 18.00h <\/strong>on hi haur\u00e0 una<strong> xerrada del projecte educatiu de l\u2019escola <\/strong>i una<strong> visita guiada a les instal\u00b7lacions<\/strong>.<\/p>\n<p style=\"text-align: center;\">US HI ESPEREM!!!<\/p>\n<p style=\"margin: 12px auto 6px auto; font-family: Helvetica,Arial,Sans-serif; font-style: normal; font-variant: normal; font-weight: normal; font-size: 14px; line-height: normal; font-size-adjust: none; font-stretch: normal; -x-system-font: none; display: block;\"><a style=\"text-decoration: underline;\" title=\"View Escola Instituts on Scribd\" href=\"https:\/\/www.scribd.com\/document\/444122073\/Escola-Instituts#from_embed\">Escola Instituts<\/a> by <a style=\"text-decoration: underline;\" title=\"View escolapablopicasso's profile on Scribd\" href=\"https:\/\/www.scribd.com\/user\/317182417\/escolapablopicasso#from_embed\">escolapablopicasso<\/a> on Scribd<\/p>\n<p><iframe loading=\"lazy\" src=\"https:\/\/www.scribd.com\/embeds\/444122073\/content?start_page=1&amp;view_mode=scroll&amp;access_key=key-HecgfEFTL1821L0wvKaI&amp;show_recommendations=true\" width=\"100%\" height=\"600\" frameborder=\"0\" data-auto-height=\"false\" data-aspect-ratio=\"1.0203619909502262\"><\/iframe><\/p>\n<p>M\u00e9s informaci\u00f3 sobre la preinscripci\u00f3 i matr\u00edcula <a href=\"http:\/\/www.bdv.cat\/es\/noticies\/el-proceso-de-preinscripcion-y-matricula-para-segundo-ciclo-de-educacion-infantil-educacion\">aqu\u00ed<\/a><\/p>\n<p>&nbsp;<\/p>\n","protected":false},"excerpt":{"rendered":"<p>Us convidem a les Jornades de Portes Obertes del proper\u00a0dimarts, 10 de mar\u00e7\u00a0de 15.15h a 18.00h on hi haur\u00e0 una xerrada del projecte educatiu de l\u2019escola i una visita guiada a les instal\u00b7lacions.<br \/>\nUS HI ESPEREM!!!<br \/>\n<a style=\"text-decoration: underline;\" title=\"View Escola Instituts on Scribd\" href=\"https:\/\/www.scribd.com\/document\/444122073\/Escola-Instituts#from_embed\">Escola Instituts<\/a> by&hellip;  <a href=\"https:\/\/agora.xtec.cat\/escolapablopicasso\/general\/portes-obertes-2\/\" title=\"Read PORTES OBERTES\">Llegeix m\u00e9s\u00bb<\/a><\/p>\n","protected":false},"author":5,"featured_media":0,"comment_status":"open","ping_status":"closed","sticky":false,"template":"","format":"standard","meta":{"_bbp_topic_count":0,"_bbp_reply_count":0,"_bbp_total_topic_count":0,"_bbp_total_reply_count":0,"_bbp_voice_count":0,"_bbp_anonymous_reply_count":0,"_bbp_topic_count_hidden":0,"_bbp_reply_count_hidden":0,"_bbp_forum_subforum_count":0,"footnotes":""},"categories":[1,4],"tags":[],"class_list":["post-5128","post","type-post","status-publish","format-standard","hentry","category-general","category-portada"],"post_mailing_queue_ids":[],"_links":{"self":[{"href":"https:\/\/agora.xtec.cat\/escolapablopicasso\/wp-json\/wp\/v2\/posts\/5128","targetHints":{"allow":["GET"]}}],"collection":[{"href":"https:\/\/agora.xtec.cat\/escolapablopicasso\/wp-json\/wp\/v2\/posts"}],"about":[{"href":"https:\/\/agora.xtec.cat\/escolapablopicasso\/wp-json\/wp\/v2\/types\/post"}],"author":[{"embeddable":true,"href":"https:\/\/agora.xtec.cat\/escolapablopicasso\/wp-json\/wp\/v2\/users\/5"}],"replies":[{"embeddable":true,"href":"https:\/\/agora.xtec.cat\/escolapablopicasso\/wp-json\/wp\/v2\/comments?post=5128"}],"version-history":[{"count":3,"href":"https:\/\/agora.xtec.cat\/escolapablopicasso\/wp-json\/wp\/v2\/posts\/5128\/revisions"}],"predecessor-version":[{"id":5236,"href":"https:\/\/agora.xtec.cat\/escolapablopicasso\/wp-json\/wp\/v2\/posts\/5128\/revisions\/5236"}],"wp:attachment":[{"href":"https:\/\/agora.xtec.cat\/escolapablopicasso\/wp-json\/wp\/v2\/media?parent=5128"}],"wp:term":[{"taxonomy":"category","embeddable":true,"href":"https:\/\/agora.xtec.cat\/escolapablopicasso\/wp-json\/wp\/v2\/categories?post=5128"},{"taxonomy":"post_tag","embeddable":true,"href":"https:\/\/agora.xtec.cat\/escolapablopicasso\/wp-json\/wp\/v2\/tags?post=5128"}],"curies":[{"name":"wp","href":"https:\/\/api.w.org\/{rel}","templated":true}]}}