{"id":5100,"date":"2019-12-01T09:00:32","date_gmt":"2019-12-01T08:00:32","guid":{"rendered":"http:\/\/agora.xtec.cat\/escolapablopicasso\/?p=5100"},"modified":"2020-01-10T15:53:19","modified_gmt":"2020-01-10T14:53:19","slug":"lartista-del-mes-desembre-i-gener","status":"publish","type":"post","link":"https:\/\/agora.xtec.cat\/escolapablopicasso\/general\/lartista-del-mes-desembre-i-gener\/","title":{"rendered":"L&#8217;artista del mes (desembre i gener)"},"content":{"rendered":"<p>Aquest cop el protagonisme no \u00e9s per un artista en concret sin\u00f3 per la seva \u201cmusa\u201d:\u00a0L\u2019HIVERN<\/p>\n<p>Mirem al nostre voltant. El temps canvia, fa fred, plou&#8230; la nostra vida s\u2019adapta a la nova estaci\u00f3. Com ho veuen els artistes?<\/p>\n<p>En aquest cas no parlem d\u2019un artista sin\u00f3 de molts, que han posat la seva mirada en l\u2019hivern i que ens han deixat obres fant\u00e0stiques amb m\u00e9s o menys repercussi\u00f3:<\/p>\n<p style=\"margin: 12px auto 6px auto; font-family: Helvetica,Arial,Sans-serif; font-style: normal; font-variant: normal; font-weight: normal; font-size: 14px; line-height: normal; font-size-adjust: none; font-stretch: normal; -x-system-font: none; display: block;\"><a style=\"text-decoration: underline;\" title=\"View Desembre Gener Web on Scribd\" href=\"https:\/\/www.scribd.com\/document\/442407618\/Desembre-Gener-Web#from_embed\">Desembre Gener Web<\/a> by <a style=\"text-decoration: underline;\" title=\"View escolapablopicasso's profile on Scribd\" href=\"https:\/\/www.scribd.com\/user\/317182417\/escolapablopicasso#from_embed\">escolapablopicasso<\/a> on Scribd<\/p>\n<p><iframe loading=\"lazy\" id=\"doc_72721\" class=\"scribd_iframe_embed\" title=\"Desembre Gener Web\" src=\"https:\/\/www.scribd.com\/embeds\/442407618\/content?start_page=1&amp;view_mode=scroll&amp;access_key=key-34o6bXmObxi9fWoaXus9&amp;show_recommendations=true\" width=\"100%\" height=\"600\" frameborder=\"0\" scrolling=\"no\" data-auto-height=\"false\" data-aspect-ratio=\"1.414442700156986\"><\/iframe><\/p>\n","protected":false},"excerpt":{"rendered":"<p>Aquest cop el protagonisme no \u00e9s per un artista en concret sin\u00f3 per la seva \u201cmusa\u201d:\u00a0L\u2019HIVERN<br \/>\nMirem al nostre voltant. El temps canvia, fa fred, plou&#8230; la nostra vida s\u2019adapta a la nova estaci\u00f3. Com ho veuen els artistes?<br \/>\nEn aquest cas no parlem d\u2019un artista sin\u00f3&hellip;  <a href=\"https:\/\/agora.xtec.cat\/escolapablopicasso\/general\/lartista-del-mes-desembre-i-gener\/\" title=\"Read L&#8217;artista del mes (desembre i gener)\">Llegeix m\u00e9s\u00bb<\/a><\/p>\n","protected":false},"author":5,"featured_media":0,"comment_status":"open","ping_status":"closed","sticky":false,"template":"","format":"standard","meta":{"_bbp_topic_count":0,"_bbp_reply_count":0,"_bbp_total_topic_count":0,"_bbp_total_reply_count":0,"_bbp_voice_count":0,"_bbp_anonymous_reply_count":0,"_bbp_topic_count_hidden":0,"_bbp_reply_count_hidden":0,"_bbp_forum_subforum_count":0,"footnotes":""},"categories":[1,4],"tags":[],"class_list":["post-5100","post","type-post","status-publish","format-standard","hentry","category-general","category-portada"],"post_mailing_queue_ids":[],"_links":{"self":[{"href":"https:\/\/agora.xtec.cat\/escolapablopicasso\/wp-json\/wp\/v2\/posts\/5100","targetHints":{"allow":["GET"]}}],"collection":[{"href":"https:\/\/agora.xtec.cat\/escolapablopicasso\/wp-json\/wp\/v2\/posts"}],"about":[{"href":"https:\/\/agora.xtec.cat\/escolapablopicasso\/wp-json\/wp\/v2\/types\/post"}],"author":[{"embeddable":true,"href":"https:\/\/agora.xtec.cat\/escolapablopicasso\/wp-json\/wp\/v2\/users\/5"}],"replies":[{"embeddable":true,"href":"https:\/\/agora.xtec.cat\/escolapablopicasso\/wp-json\/wp\/v2\/comments?post=5100"}],"version-history":[{"count":3,"href":"https:\/\/agora.xtec.cat\/escolapablopicasso\/wp-json\/wp\/v2\/posts\/5100\/revisions"}],"predecessor-version":[{"id":5108,"href":"https:\/\/agora.xtec.cat\/escolapablopicasso\/wp-json\/wp\/v2\/posts\/5100\/revisions\/5108"}],"wp:attachment":[{"href":"https:\/\/agora.xtec.cat\/escolapablopicasso\/wp-json\/wp\/v2\/media?parent=5100"}],"wp:term":[{"taxonomy":"category","embeddable":true,"href":"https:\/\/agora.xtec.cat\/escolapablopicasso\/wp-json\/wp\/v2\/categories?post=5100"},{"taxonomy":"post_tag","embeddable":true,"href":"https:\/\/agora.xtec.cat\/escolapablopicasso\/wp-json\/wp\/v2\/tags?post=5100"}],"curies":[{"name":"wp","href":"https:\/\/api.w.org\/{rel}","templated":true}]}}