{"id":5064,"date":"2019-12-12T20:07:55","date_gmt":"2019-12-12T19:07:55","guid":{"rendered":"http:\/\/agora.xtec.cat\/escolapablopicasso\/?p=5064"},"modified":"2019-12-12T20:07:55","modified_gmt":"2019-12-12T19:07:55","slug":"p3-tio-a-la-masia-de-can-deu","status":"publish","type":"post","link":"https:\/\/agora.xtec.cat\/escolapablopicasso\/general\/p3-tio-a-la-masia-de-can-deu\/","title":{"rendered":"P3: TI\u00d3 A LA MASIA DE CAN DEU"},"content":{"rendered":"<p>Les petitones i petitons de P3 hem anat a buscar el Ti\u00f3 a la Masia de Can Deu\u00a0 i ha estat la primera sortida en autocar del curs.\u00a0 \u00a0El Guillem, ens ha explicat\u00a0 un conte sobre la bonica tradici\u00f3 del Ti\u00f3, hem sortit a buscar-lo al bosc i despr\u00e9s cada nen i nena ha fet el seu Ti\u00f3 petit per portar a casa.\u00a0 Per\u00f2 no nom\u00e9s hem fet aix\u00f2 !!! Hem passat llargues estones jugant i fent descobertes al voltant de la Masia. Ens ho hem passat pipa\u00a0 !!!\u00a0 \u00a0Us convidem a veure el v\u00eddeo amb els vostres fills i filles i ben segur que us expliquen moltes coses m\u00e9s !!!<\/p>\n<div style=\"width: 960px;\" class=\"wp-video\"><!--[if lt IE 9]><script>document.createElement('video');<\/script><![endif]-->\n<video class=\"wp-video-shortcode\" id=\"video-5064-1\" width=\"960\" height=\"540\" preload=\"metadata\" controls=\"controls\"><source type=\"video\/mp4\" src=\"https:\/\/agora.xtec.cat\/escolapablopicasso\/wp-content\/uploads\/usu295\/2019\/12\/tio-ultimo.mp4?_=1\" \/><a href=\"https:\/\/agora.xtec.cat\/escolapablopicasso\/wp-content\/uploads\/usu295\/2019\/12\/tio-ultimo.mp4\">https:\/\/agora.xtec.cat\/escolapablopicasso\/wp-content\/uploads\/usu295\/2019\/12\/tio-ultimo.mp4<\/a><\/video><\/div>\n","protected":false},"excerpt":{"rendered":"<p>Les petitones i petitons de P3 hem anat a buscar el Ti\u00f3 a la Masia de Can Deu\u00a0 i ha estat la primera sortida en autocar del curs.\u00a0 \u00a0El Guillem, ens ha explicat\u00a0 un conte sobre la bonica tradici\u00f3 del Ti\u00f3, hem sortit a buscar-lo&hellip;  <a href=\"https:\/\/agora.xtec.cat\/escolapablopicasso\/general\/p3-tio-a-la-masia-de-can-deu\/\" title=\"Read P3: TI\u00d3 A LA MASIA DE CAN DEU\">Llegeix m\u00e9s\u00bb<\/a><\/p>\n","protected":false},"author":4,"featured_media":0,"comment_status":"open","ping_status":"closed","sticky":false,"template":"","format":"standard","meta":{"_bbp_topic_count":0,"_bbp_reply_count":0,"_bbp_total_topic_count":0,"_bbp_total_reply_count":0,"_bbp_voice_count":0,"_bbp_anonymous_reply_count":0,"_bbp_topic_count_hidden":0,"_bbp_reply_count_hidden":0,"_bbp_forum_subforum_count":0,"footnotes":""},"categories":[1,3,2,4],"tags":[],"class_list":["post-5064","post","type-post","status-publish","format-standard","hentry","category-general","category-i3","category-infantil","category-portada"],"post_mailing_queue_ids":[],"_links":{"self":[{"href":"https:\/\/agora.xtec.cat\/escolapablopicasso\/wp-json\/wp\/v2\/posts\/5064","targetHints":{"allow":["GET"]}}],"collection":[{"href":"https:\/\/agora.xtec.cat\/escolapablopicasso\/wp-json\/wp\/v2\/posts"}],"about":[{"href":"https:\/\/agora.xtec.cat\/escolapablopicasso\/wp-json\/wp\/v2\/types\/post"}],"author":[{"embeddable":true,"href":"https:\/\/agora.xtec.cat\/escolapablopicasso\/wp-json\/wp\/v2\/users\/4"}],"replies":[{"embeddable":true,"href":"https:\/\/agora.xtec.cat\/escolapablopicasso\/wp-json\/wp\/v2\/comments?post=5064"}],"version-history":[{"count":2,"href":"https:\/\/agora.xtec.cat\/escolapablopicasso\/wp-json\/wp\/v2\/posts\/5064\/revisions"}],"predecessor-version":[{"id":5067,"href":"https:\/\/agora.xtec.cat\/escolapablopicasso\/wp-json\/wp\/v2\/posts\/5064\/revisions\/5067"}],"wp:attachment":[{"href":"https:\/\/agora.xtec.cat\/escolapablopicasso\/wp-json\/wp\/v2\/media?parent=5064"}],"wp:term":[{"taxonomy":"category","embeddable":true,"href":"https:\/\/agora.xtec.cat\/escolapablopicasso\/wp-json\/wp\/v2\/categories?post=5064"},{"taxonomy":"post_tag","embeddable":true,"href":"https:\/\/agora.xtec.cat\/escolapablopicasso\/wp-json\/wp\/v2\/tags?post=5064"}],"curies":[{"name":"wp","href":"https:\/\/api.w.org\/{rel}","templated":true}]}}