{"id":5031,"date":"2019-11-22T16:40:18","date_gmt":"2019-11-22T15:40:18","guid":{"rendered":"http:\/\/agora.xtec.cat\/escolapablopicasso\/?p=5031"},"modified":"2019-12-30T12:34:41","modified_gmt":"2019-12-30T11:34:41","slug":"picasso-en-concert-2","status":"publish","type":"post","link":"https:\/\/agora.xtec.cat\/escolapablopicasso\/general\/picasso-en-concert-2\/","title":{"rendered":"PICASSO EN CONCERT!!!"},"content":{"rendered":"<p>Fam\u00edlies!!!!! El <strong><u>dimecres, 18 de desembre<\/u><\/strong> celebrarem \u201cPicasso en concert\u201d com cada any al TMC.<\/p>\n<p>El concert ser\u00e0 en tres torns:<\/p>\n<ul>\n<li><strong>1r torn: 9:30h a 10:30h\u00a0 <\/strong><strong style=\"font-family: inherit; font-size: 1em;\">1rA, 2nA, 2nC, 3rA, 4tA i 5\u00e8A<\/strong><\/li>\n<\/ul>\n<ul>\n<li><strong>2n torn: 11:00h a 12:00h\u00a0 <\/strong><strong style=\"font-family: inherit; font-size: 1em;\">1rB, 2nB, 3rB, 4tB i 5\u00e8B<\/strong><\/li>\n<\/ul>\n<ul>\n<li><strong>3r torn: 15:30h a 16:15h\u00a0 <\/strong><strong style=\"font-family: inherit; font-size: 1em;\">P3, P4, P5A i P5B, 6\u00e8A i 6\u00e8B<\/strong><\/li>\n<\/ul>\n<p>Des de l\u2019\u00e0rea de m\u00fasica, els i les nostres alumnes i la mestra de m\u00fasica han acordat per cursos com aniran vestits aquest dia, en relaci\u00f3 amb la can\u00e7\u00f3 que cantaran.<\/p>\n<p>Aqu\u00ed teniu les consignes de vestuari:<\/p>\n<p style=\"margin: 12px auto 6px auto; font-family: Helvetica,Arial,Sans-serif; font-style: normal; font-variant: normal; font-weight: normal; font-size: 14px; line-height: normal; font-size-adjust: none; font-stretch: normal; -x-system-font: none; display: block;\"><a style=\"text-decoration: underline;\" title=\"View Nota Fam\u00edlies Concert 2019 on Scribd\" href=\"https:\/\/www.scribd.com\/document\/436208948\/Nota-Families-Concert-2019#from_embed\">Nota Fam\u00edlies Concert 2019<\/a> by <a style=\"text-decoration: underline;\" title=\"View escolapablopicasso's profile on Scribd\" href=\"https:\/\/www.scribd.com\/user\/317182417\/escolapablopicasso#from_embed\">escolapablopicasso<\/a> on Scribd<\/p>\n<p><iframe loading=\"lazy\" id=\"doc_33790\" class=\"scribd_iframe_embed\" title=\"Nota Fam\u00edlies Concert 2019\" src=\"https:\/\/www.scribd.com\/embeds\/436208948\/content?start_page=1&amp;view_mode=scroll&amp;access_key=key-0zF0tFVHaeqhZ0jv7YlJ&amp;show_recommendations=true\" width=\"100%\" height=\"600\" frameborder=\"0\" scrolling=\"no\" data-auto-height=\"false\" data-aspect-ratio=\"0.7080062794348508\"><\/iframe><\/p>\n","protected":false},"excerpt":{"rendered":"<p>Fam\u00edlies!!!!! El dimecres, 18 de desembre celebrarem \u201cPicasso en concert\u201d com cada any al TMC.<br \/>\nEl concert ser\u00e0 en tres torns:<\/p>\n<ul>\n<li>1r torn: 9:30h a 10:30h\u00a0 1rA, 2nA, 2nC, 3rA, 4tA i 5\u00e8A<\/li>\n<\/ul>\n<ul>\n<li>2n torn: 11:00h a 12:00h\u00a0 1rB, 2nB, 3rB, 4tB i 5\u00e8B<\/li>\n<\/ul>\n<ul>\n<li>3r torn: 15:30h a 16:15h\u00a0&hellip;  <a href=\"https:\/\/agora.xtec.cat\/escolapablopicasso\/general\/picasso-en-concert-2\/\" title=\"Read PICASSO EN CONCERT!!!\">Llegeix m\u00e9s\u00bb<\/a><br \/>\n","protected":false},"author":5,"featured_media":0,"comment_status":"open","ping_status":"closed","sticky":false,"template":"","format":"standard","meta":{"_bbp_topic_count":0,"_bbp_reply_count":0,"_bbp_total_topic_count":0,"_bbp_total_reply_count":0,"_bbp_voice_count":0,"_bbp_anonymous_reply_count":0,"_bbp_topic_count_hidden":0,"_bbp_reply_count_hidden":0,"_bbp_forum_subforum_count":0,"footnotes":""},"categories":[23,1,2,24,4,5],"tags":[],"class_list":["post-5031","post","type-post","status-publish","format-standard","hentry","category-nadal","category-general","category-infantil","category-musica","category-portada","category-primaria"],"post_mailing_queue_ids":[],"_links":{"self":[{"href":"https:\/\/agora.xtec.cat\/escolapablopicasso\/wp-json\/wp\/v2\/posts\/5031","targetHints":{"allow":["GET"]}}],"collection":[{"href":"https:\/\/agora.xtec.cat\/escolapablopicasso\/wp-json\/wp\/v2\/posts"}],"about":[{"href":"https:\/\/agora.xtec.cat\/escolapablopicasso\/wp-json\/wp\/v2\/types\/post"}],"author":[{"embeddable":true,"href":"https:\/\/agora.xtec.cat\/escolapablopicasso\/wp-json\/wp\/v2\/users\/5"}],"replies":[{"embeddable":true,"href":"https:\/\/agora.xtec.cat\/escolapablopicasso\/wp-json\/wp\/v2\/comments?post=5031"}],"version-history":[{"count":3,"href":"https:\/\/agora.xtec.cat\/escolapablopicasso\/wp-json\/wp\/v2\/posts\/5031\/revisions"}],"predecessor-version":[{"id":5036,"href":"https:\/\/agora.xtec.cat\/escolapablopicasso\/wp-json\/wp\/v2\/posts\/5031\/revisions\/5036"}],"wp:attachment":[{"href":"https:\/\/agora.xtec.cat\/escolapablopicasso\/wp-json\/wp\/v2\/media?parent=5031"}],"wp:term":[{"taxonomy":"category","embeddable":true,"href":"https:\/\/agora.xtec.cat\/escolapablopicasso\/wp-json\/wp\/v2\/categories?post=5031"},{"taxonomy":"post_tag","embeddable":true,"href":"https:\/\/agora.xtec.cat\/escolapablopicasso\/wp-json\/wp\/v2\/tags?post=5031"}],"curies":[{"name":"wp","href":"https:\/\/api.w.org\/{rel}","templated":true}]}}