{"id":502,"date":"2014-03-26T21:20:39","date_gmt":"2014-03-26T20:20:39","guid":{"rendered":"http:\/\/blocs.xtec.cat\/escolapablopicasso\/?p=502"},"modified":"2015-11-05T00:19:34","modified_gmt":"2015-11-04T23:19:34","slug":"anem-a-la-casa-de-les-abelles","status":"publish","type":"post","link":"https:\/\/agora.xtec.cat\/escolapablopicasso\/general\/anem-a-la-casa-de-les-abelles\/","title":{"rendered":"Anem a la casa de les abelles!"},"content":{"rendered":"<p style=\"color: #eeeeee;\"><span style=\"color: #000000;\">Ja som a la casa de les abelles. Primer cal esmorzar i despr\u00e9s escoltarem al Ramon que sap moltes coses de les abelles.\u00a0El senyor Ramon \u00e9s apicultor i en sap un munt de les abelles.\u00a0<\/span><\/p>\n<p style=\"color: #eeeeee;\"><span style=\"color: #000000;\">Hem provat\u00a0la mel, quina est\u00e0 m\u00e9s bona la clareta o la fosca?<\/span><\/p>\n<p style=\"color: #eeeeee;\"><span style=\"color: #000000;\">Hem apr\u00e8s qui va inventar el paper, el paracaigudes i l\u2019helic\u00f2pter i no s\u00f3n pas les persones!\u00a0Hem obert un rusc i les abelles comencen a voltar molt a prop nostre.\u00a0Hem vist larves, abelles obreres, abellots,\u00a0i, fins i tot, hem vist a l\u2019abella reina!<\/span><\/p>\n<p style=\"color: #eeeeee;\"><span style=\"color: #000000;\">En Ramon ha revisat que no tingu\u00e9ssim cap abella abans de treure\u2019ns els vestits dels apicultors.\u00a0Un cop a la sala d\u2019elaboraci\u00f3 hem netejat una bresca\u00a0i despr\u00e9s n\u2019hem ficat quatre a la centrifugadora i a remenar que aquesta no t\u00e9 motor!!<\/span><\/p>\n<p><span style=\"color: #000000;\">I despr\u00e9s de tota una jornada de treball\u2026 aqu\u00ed tenim la recompensa, quina mel m\u00e9s bona! Els pares tamb\u00e9 la podran tastar perqu\u00e8 ens han donat un potet de mel de mil flors.<\/span><\/p>\n<p><span style=\"color: #000000;\">Hem comen\u00e7at amb un mat\u00ed ben assolejat\u2026per\u00f2 mireu quin temps feia a l\u2019hora de marxar! Malgrat tot no voliem tornar a l\u2019escola\u2026i \u00e9s que ens ho hem passat molt b\u00e9!<\/span><\/p>\n<p><embed width=\"600\" height=\"400\" type=\"application\/x-shockwave-flash\" src=\"https:\/\/photos.gstatic.com\/media\/slideshow.swf\" flashvars=\"host=picasaweb.google.com&amp;hl=en_US&amp;feat=flashalbum&amp;RGB=0x000000&amp;feed=https%3A%2F%2Fpicasaweb.google.com%2Fdata%2Ffeed%2Fapi%2Fuser%2F112143533400833678857%2Falbumid%2F6074621575466089393%3Falt%3Drss%26kind%3Dphoto%26authkey%3DGv1sRgCLD6kIChnIa5TA%26hl%3Den_US\" pluginspage=\"http:\/\/www.macromedia.com\/go\/getflashplayer\"><\/embed><\/p>\n<p style=\"color: #eeeeee;\"><span style=\"color: #000000;\">Quina for\u00e7a que s\u2019ha de tenir per fer anar la centrifugadora\u2026.sort que hav\u00edem esmorzat molt b\u00e9.<\/span><\/p>\n<p style=\"color: #eeeeee;\"><iframe loading=\"lazy\" src=\"\/\/www.youtube.com\/embed\/39DicSdQ5LE\" width=\"425\" height=\"350\"><\/iframe><\/p>\n","protected":false},"excerpt":{"rendered":"<p>Ja som a la casa de les abelles. Primer cal esmorzar i despr\u00e9s escoltarem al Ramon que sap moltes coses de les abelles.\u00a0El senyor Ramon \u00e9s apicultor i en sap un munt de les abelles.\u00a0<br \/>\nHem provat\u00a0la mel, quina est\u00e0 m\u00e9s bona la clareta o la&hellip;  <a href=\"https:\/\/agora.xtec.cat\/escolapablopicasso\/general\/anem-a-la-casa-de-les-abelles\/\" title=\"Read Anem a la casa de les abelles!\">Llegeix m\u00e9s\u00bb<\/a><\/p>\n","protected":false},"author":3,"featured_media":0,"comment_status":"open","ping_status":"open","sticky":false,"template":"","format":"standard","meta":{"_bbp_topic_count":0,"_bbp_reply_count":0,"_bbp_total_topic_count":0,"_bbp_total_reply_count":0,"_bbp_voice_count":0,"_bbp_anonymous_reply_count":0,"_bbp_topic_count_hidden":0,"_bbp_reply_count_hidden":0,"_bbp_forum_subforum_count":0,"footnotes":""},"categories":[12,1,30],"tags":[],"class_list":["post-502","post","type-post","status-publish","format-standard","hentry","category-3r","category-general","category-sortides"],"post_mailing_queue_ids":[],"_links":{"self":[{"href":"https:\/\/agora.xtec.cat\/escolapablopicasso\/wp-json\/wp\/v2\/posts\/502","targetHints":{"allow":["GET"]}}],"collection":[{"href":"https:\/\/agora.xtec.cat\/escolapablopicasso\/wp-json\/wp\/v2\/posts"}],"about":[{"href":"https:\/\/agora.xtec.cat\/escolapablopicasso\/wp-json\/wp\/v2\/types\/post"}],"author":[{"embeddable":true,"href":"https:\/\/agora.xtec.cat\/escolapablopicasso\/wp-json\/wp\/v2\/users\/3"}],"replies":[{"embeddable":true,"href":"https:\/\/agora.xtec.cat\/escolapablopicasso\/wp-json\/wp\/v2\/comments?post=502"}],"version-history":[{"count":1,"href":"https:\/\/agora.xtec.cat\/escolapablopicasso\/wp-json\/wp\/v2\/posts\/502\/revisions"}],"predecessor-version":[{"id":1626,"href":"https:\/\/agora.xtec.cat\/escolapablopicasso\/wp-json\/wp\/v2\/posts\/502\/revisions\/1626"}],"wp:attachment":[{"href":"https:\/\/agora.xtec.cat\/escolapablopicasso\/wp-json\/wp\/v2\/media?parent=502"}],"wp:term":[{"taxonomy":"category","embeddable":true,"href":"https:\/\/agora.xtec.cat\/escolapablopicasso\/wp-json\/wp\/v2\/categories?post=502"},{"taxonomy":"post_tag","embeddable":true,"href":"https:\/\/agora.xtec.cat\/escolapablopicasso\/wp-json\/wp\/v2\/tags?post=502"}],"curies":[{"name":"wp","href":"https:\/\/api.w.org\/{rel}","templated":true}]}}