{"id":4922,"date":"2019-10-18T16:30:02","date_gmt":"2019-10-18T14:30:02","guid":{"rendered":"http:\/\/agora.xtec.cat\/escolapablopicasso\/?p=4922"},"modified":"2019-11-04T11:13:12","modified_gmt":"2019-11-04T10:13:12","slug":"exposicio-de-castanyada-i-halloween","status":"publish","type":"post","link":"https:\/\/agora.xtec.cat\/escolapablopicasso\/general\/exposicio-de-castanyada-i-halloween\/","title":{"rendered":"Exposici\u00f3 de Castanyada i Halloween"},"content":{"rendered":"<p>Ja \u00e9s aqu\u00ed la tardor&#8230;<\/p>\n<p>&#8220;A la tardor castanyes i cargols amb banyes\u201d<\/p>\n<p>A les classes, entre tots i totes farem tastets de Castanyada:<\/p>\n<p>Per veure <strong><u>l\u2019exposici\u00f3 de la Castanyada i de Halloween <\/u><\/strong>podreu entrar dos dies:<\/p>\n<ul>\n<li>el <strong><u>dimarts, 29 d\u2019octubre<\/u> a la tarda <u>a les 16.35h<\/u><\/strong><\/li>\n<li>el <strong><u>dimecres, 30 d\u2019octubre<\/u> al migdia <u>a les 12.35h<\/u><\/strong><\/li>\n<\/ul>\n<p>Us hi esperem!!!!<\/p>\n<p><img loading=\"lazy\" decoding=\"async\" class=\"alignnone size-full wp-image-4923 aligncenter\" src=\"https:\/\/agora.xtec.cat\/escolapablopicasso\/wp-content\/uploads\/usu295\/2019\/10\/cast_14.jpg\" alt=\"\" width=\"519\" height=\"264\" srcset=\"https:\/\/agora.xtec.cat\/escolapablopicasso\/wp-content\/uploads\/usu295\/2019\/10\/cast_14.jpg 519w, https:\/\/agora.xtec.cat\/escolapablopicasso\/wp-content\/uploads\/usu295\/2019\/10\/cast_14-300x153.jpg 300w\" sizes=\"auto, (max-width: 519px) 100vw, 519px\" \/><\/p>\n","protected":false},"excerpt":{"rendered":"<p>Ja \u00e9s aqu\u00ed la tardor&#8230;<br \/>\n&#8220;A la tardor castanyes i cargols amb banyes\u201d<br \/>\nA les classes, entre tots i totes farem tastets de Castanyada:<br \/>\nPer veure l\u2019exposici\u00f3 de la Castanyada i de Halloween podreu entrar dos dies:<\/p>\n<ul>\n<li>el dimarts, 29 d\u2019octubre a la tarda a les 16.35h<\/li>\n<li>el dimecres, 30&hellip;  <a href=\"https:\/\/agora.xtec.cat\/escolapablopicasso\/general\/exposicio-de-castanyada-i-halloween\/\" title=\"Read Exposici\u00f3 de Castanyada i Halloween\">Llegeix m\u00e9s\u00bb<\/a><br \/>\n","protected":false},"author":5,"featured_media":0,"comment_status":"open","ping_status":"closed","sticky":false,"template":"","format":"standard","meta":{"_bbp_topic_count":0,"_bbp_reply_count":0,"_bbp_total_topic_count":0,"_bbp_total_reply_count":0,"_bbp_voice_count":0,"_bbp_anonymous_reply_count":0,"_bbp_topic_count_hidden":0,"_bbp_reply_count_hidden":0,"_bbp_forum_subforum_count":0,"footnotes":""},"categories":[23,1,4],"tags":[],"class_list":["post-4922","post","type-post","status-publish","format-standard","hentry","category-nadal","category-general","category-portada"],"post_mailing_queue_ids":[],"_links":{"self":[{"href":"https:\/\/agora.xtec.cat\/escolapablopicasso\/wp-json\/wp\/v2\/posts\/4922","targetHints":{"allow":["GET"]}}],"collection":[{"href":"https:\/\/agora.xtec.cat\/escolapablopicasso\/wp-json\/wp\/v2\/posts"}],"about":[{"href":"https:\/\/agora.xtec.cat\/escolapablopicasso\/wp-json\/wp\/v2\/types\/post"}],"author":[{"embeddable":true,"href":"https:\/\/agora.xtec.cat\/escolapablopicasso\/wp-json\/wp\/v2\/users\/5"}],"replies":[{"embeddable":true,"href":"https:\/\/agora.xtec.cat\/escolapablopicasso\/wp-json\/wp\/v2\/comments?post=4922"}],"version-history":[{"count":1,"href":"https:\/\/agora.xtec.cat\/escolapablopicasso\/wp-json\/wp\/v2\/posts\/4922\/revisions"}],"predecessor-version":[{"id":4924,"href":"https:\/\/agora.xtec.cat\/escolapablopicasso\/wp-json\/wp\/v2\/posts\/4922\/revisions\/4924"}],"wp:attachment":[{"href":"https:\/\/agora.xtec.cat\/escolapablopicasso\/wp-json\/wp\/v2\/media?parent=4922"}],"wp:term":[{"taxonomy":"category","embeddable":true,"href":"https:\/\/agora.xtec.cat\/escolapablopicasso\/wp-json\/wp\/v2\/categories?post=4922"},{"taxonomy":"post_tag","embeddable":true,"href":"https:\/\/agora.xtec.cat\/escolapablopicasso\/wp-json\/wp\/v2\/tags?post=4922"}],"curies":[{"name":"wp","href":"https:\/\/api.w.org\/{rel}","templated":true}]}}