{"id":4899,"date":"2019-09-27T16:30:56","date_gmt":"2019-09-27T14:30:56","guid":{"rendered":"http:\/\/agora.xtec.cat\/escolapablopicasso\/?p=4899"},"modified":"2019-10-04T15:49:52","modified_gmt":"2019-10-04T13:49:52","slug":"la-verema-2n","status":"publish","type":"post","link":"https:\/\/agora.xtec.cat\/escolapablopicasso\/general\/la-verema-2n\/","title":{"rendered":"La verema- 2n"},"content":{"rendered":"<p>El passat 27 de setembre els alumnes de 2n van anar a &#8220;El Canadell&#8221; a Calders a fer la verema.<\/p>\n<p>All\u00e0 vam con\u00e8ixer les vinyes i el ra\u00efm. A trav\u00e9s dels diferents treballs del camp, vam aprendre qu\u00e8 \u00e9s i qu\u00e8 s&#8217;hi fa a una vinya, les principals parts del cep, els diferents tipus de conreu, les feines determinades a cada estaci\u00f3 de l&#8217;any, les malalties que afecten a la planta i el proc\u00e9s de fermentaci\u00f3.<\/p>\n<p>Tamb\u00e9 vam visitar el celler i vam con\u00e8ixer com es fa la recollida del ra\u00efm i com fer l&#8217;elaboraci\u00f3 del most. Finalment vam trepitjar a la manera antiga el ra\u00efm amb els peus, tot fent gresca, fer la premsada i el tast del most.<\/p>\n<p>El most que en va sortir, el vam emportar en una ampolleta per veure el proc\u00e9s de fermentaci\u00f3 a l&#8217;escola.<\/p>\n<p><iframe loading=\"lazy\" src=\"\/\/www.youtube.com\/embed\/CPZE1NxSijY\" width=\"560\" height=\"314\" allowfullscreen=\"allowfullscreen\"><\/iframe><\/p>\n","protected":false},"excerpt":{"rendered":"<p>El passat 27 de setembre els alumnes de 2n van anar a &#8220;El Canadell&#8221; a Calders a fer la verema.<br \/>\nAll\u00e0 vam con\u00e8ixer les vinyes i el ra\u00efm. A trav\u00e9s dels diferents treballs del camp, vam aprendre qu\u00e8 \u00e9s i qu\u00e8 s&#8217;hi fa a una vinya,&hellip;  <a href=\"https:\/\/agora.xtec.cat\/escolapablopicasso\/general\/la-verema-2n\/\" title=\"Read La verema- 2n\">Llegeix m\u00e9s\u00bb<\/a><\/p>\n","protected":false},"author":1,"featured_media":4901,"comment_status":"open","ping_status":"closed","sticky":false,"template":"","format":"standard","meta":{"_bbp_topic_count":0,"_bbp_reply_count":0,"_bbp_total_topic_count":0,"_bbp_total_reply_count":0,"_bbp_voice_count":0,"_bbp_anonymous_reply_count":0,"_bbp_topic_count_hidden":0,"_bbp_reply_count_hidden":0,"_bbp_forum_subforum_count":0,"footnotes":""},"categories":[11,1,4,30],"tags":[],"class_list":["post-4899","post","type-post","status-publish","format-standard","has-post-thumbnail","hentry","category-2n","category-general","category-portada","category-sortides"],"post_mailing_queue_ids":[],"_links":{"self":[{"href":"https:\/\/agora.xtec.cat\/escolapablopicasso\/wp-json\/wp\/v2\/posts\/4899","targetHints":{"allow":["GET"]}}],"collection":[{"href":"https:\/\/agora.xtec.cat\/escolapablopicasso\/wp-json\/wp\/v2\/posts"}],"about":[{"href":"https:\/\/agora.xtec.cat\/escolapablopicasso\/wp-json\/wp\/v2\/types\/post"}],"author":[{"embeddable":true,"href":"https:\/\/agora.xtec.cat\/escolapablopicasso\/wp-json\/wp\/v2\/users\/1"}],"replies":[{"embeddable":true,"href":"https:\/\/agora.xtec.cat\/escolapablopicasso\/wp-json\/wp\/v2\/comments?post=4899"}],"version-history":[{"count":2,"href":"https:\/\/agora.xtec.cat\/escolapablopicasso\/wp-json\/wp\/v2\/posts\/4899\/revisions"}],"predecessor-version":[{"id":4902,"href":"https:\/\/agora.xtec.cat\/escolapablopicasso\/wp-json\/wp\/v2\/posts\/4899\/revisions\/4902"}],"wp:featuredmedia":[{"embeddable":true,"href":"https:\/\/agora.xtec.cat\/escolapablopicasso\/wp-json\/wp\/v2\/media\/4901"}],"wp:attachment":[{"href":"https:\/\/agora.xtec.cat\/escolapablopicasso\/wp-json\/wp\/v2\/media?parent=4899"}],"wp:term":[{"taxonomy":"category","embeddable":true,"href":"https:\/\/agora.xtec.cat\/escolapablopicasso\/wp-json\/wp\/v2\/categories?post=4899"},{"taxonomy":"post_tag","embeddable":true,"href":"https:\/\/agora.xtec.cat\/escolapablopicasso\/wp-json\/wp\/v2\/tags?post=4899"}],"curies":[{"name":"wp","href":"https:\/\/api.w.org\/{rel}","templated":true}]}}