{"id":4891,"date":"2019-10-01T09:00:26","date_gmt":"2019-10-01T07:00:26","guid":{"rendered":"http:\/\/agora.xtec.cat\/escolapablopicasso\/?p=4891"},"modified":"2020-01-10T15:44:00","modified_gmt":"2020-01-10T14:44:00","slug":"lartista-del-mes-octubre","status":"publish","type":"post","link":"https:\/\/agora.xtec.cat\/escolapablopicasso\/general\/lartista-del-mes-octubre\/","title":{"rendered":"L&#8217;artista del mes (octubre)"},"content":{"rendered":"<p>La nostra escola sempre ha estat lligada a l&#8217;art. Des de fa molts anys cada curs s&#8217;ha treballat, a m\u00e9s a m\u00e9s del gran Pablo Picasso que li d\u00f3na nom a la nostra escola, un artista (artistes femenines, Van Gogh, etc.)<\/p>\n<p>Aquest any, a m\u00e9s a m\u00e9s de l&#8217;artista del curs, us proposem el seg\u00fcent: cada mes tindrem&#8230; l&#8217;<strong>ARTISTA DEL MES<\/strong>.<\/p>\n<p>El presentarem a tota la comunitat educativa i aix\u00ed, entre tots\/es ens inspirarem per fer grans obres.<\/p>\n<p>Aquest mes l&#8217;artista del mes \u00e9s: <strong>JAMES BRUNT<\/strong><\/p>\n<p style=\"text-align: center;\">Agafeu fulles,<\/p>\n<p style=\"text-align: center;\">Agafeu pedres,<\/p>\n<p style=\"text-align: center;\">Agafeu pals,<\/p>\n<p style=\"text-align: center;\">Que el nostre artista<\/p>\n<p style=\"text-align: center;\">Ens far\u00e0 un regal.<\/p>\n<p><strong>\u00a0<\/strong><strong><u>RECOMANACIONS<\/u><\/strong><\/p>\n<p>Tal con diu en <strong>JAMES\u00a0 BRUNT, <\/strong>comenceu a recollir objectes de la natura:<\/p>\n<ul>\n<li>Pals<\/li>\n<li>Branquillons<\/li>\n<li>Pinyes<\/li>\n<li>Pedres<\/li>\n<li>Petxines<\/li>\n<li>Fulles de diferents formes, tamanys i colors.<\/li>\n<li>Fruits secs: castanyes, aglans..<\/li>\n<\/ul>\n<p>M\u00e9s informaci\u00f3 i algunes de les seves obres:<\/p>\n<p style=\"margin: 12px auto 6px auto; font-family: Helvetica,Arial,Sans-serif; font-style: normal; font-variant: normal; font-weight: normal; font-size: 14px; line-height: normal; font-size-adjust: none; font-stretch: normal; -x-system-font: none; display: block;\"><a style=\"text-decoration: underline;\" title=\"View Octubre Web on Scribd\" href=\"https:\/\/www.scribd.com\/document\/428708524\/Octubre-Web#from_embed\">Octubre Web<\/a> by <a style=\"text-decoration: underline;\" title=\"View escolapablopicasso's profile on Scribd\" href=\"https:\/\/www.scribd.com\/user\/317182417\/escolapablopicasso#from_embed\">escolapablopicasso<\/a> on Scribd<\/p>\n<p><iframe loading=\"lazy\" id=\"doc_85482\" class=\"scribd_iframe_embed\" title=\"Octubre Web\" src=\"https:\/\/www.scribd.com\/embeds\/428708524\/content?start_page=1&amp;view_mode=scroll&amp;access_key=key-3IICszhkJ0meh5N4xEZx&amp;show_recommendations=true\" width=\"100%\" height=\"600\" frameborder=\"0\" scrolling=\"no\" data-auto-height=\"false\" data-aspect-ratio=\"0.7080062794348508\"><\/iframe><\/p>\n","protected":false},"excerpt":{"rendered":"<p>La nostra escola sempre ha estat lligada a l&#8217;art. Des de fa molts anys cada curs s&#8217;ha treballat, a m\u00e9s a m\u00e9s del gran Pablo Picasso que li d\u00f3na nom a la nostra escola, un artista (artistes femenines, Van Gogh, etc.)<br \/>\nAquest any, a m\u00e9s a&hellip;  <a href=\"https:\/\/agora.xtec.cat\/escolapablopicasso\/general\/lartista-del-mes-octubre\/\" title=\"Read L&#8217;artista del mes (octubre)\">Llegeix m\u00e9s\u00bb<\/a><\/p>\n","protected":false},"author":5,"featured_media":0,"comment_status":"open","ping_status":"closed","sticky":false,"template":"","format":"standard","meta":{"_bbp_topic_count":0,"_bbp_reply_count":0,"_bbp_total_topic_count":0,"_bbp_total_reply_count":0,"_bbp_voice_count":0,"_bbp_anonymous_reply_count":0,"_bbp_topic_count_hidden":0,"_bbp_reply_count_hidden":0,"_bbp_forum_subforum_count":0,"footnotes":""},"categories":[1,4],"tags":[],"class_list":["post-4891","post","type-post","status-publish","format-standard","hentry","category-general","category-portada"],"post_mailing_queue_ids":[],"_links":{"self":[{"href":"https:\/\/agora.xtec.cat\/escolapablopicasso\/wp-json\/wp\/v2\/posts\/4891","targetHints":{"allow":["GET"]}}],"collection":[{"href":"https:\/\/agora.xtec.cat\/escolapablopicasso\/wp-json\/wp\/v2\/posts"}],"about":[{"href":"https:\/\/agora.xtec.cat\/escolapablopicasso\/wp-json\/wp\/v2\/types\/post"}],"author":[{"embeddable":true,"href":"https:\/\/agora.xtec.cat\/escolapablopicasso\/wp-json\/wp\/v2\/users\/5"}],"replies":[{"embeddable":true,"href":"https:\/\/agora.xtec.cat\/escolapablopicasso\/wp-json\/wp\/v2\/comments?post=4891"}],"version-history":[{"count":4,"href":"https:\/\/agora.xtec.cat\/escolapablopicasso\/wp-json\/wp\/v2\/posts\/4891\/revisions"}],"predecessor-version":[{"id":5106,"href":"https:\/\/agora.xtec.cat\/escolapablopicasso\/wp-json\/wp\/v2\/posts\/4891\/revisions\/5106"}],"wp:attachment":[{"href":"https:\/\/agora.xtec.cat\/escolapablopicasso\/wp-json\/wp\/v2\/media?parent=4891"}],"wp:term":[{"taxonomy":"category","embeddable":true,"href":"https:\/\/agora.xtec.cat\/escolapablopicasso\/wp-json\/wp\/v2\/categories?post=4891"},{"taxonomy":"post_tag","embeddable":true,"href":"https:\/\/agora.xtec.cat\/escolapablopicasso\/wp-json\/wp\/v2\/tags?post=4891"}],"curies":[{"name":"wp","href":"https:\/\/api.w.org\/{rel}","templated":true}]}}