{"id":4826,"date":"2019-07-01T18:25:27","date_gmt":"2019-07-01T16:25:27","guid":{"rendered":"http:\/\/agora.xtec.cat\/escolapablopicasso\/?p=4826"},"modified":"2019-09-10T09:32:30","modified_gmt":"2019-09-10T07:32:30","slug":"calendari-i-horaris-del-curs-2019-20","status":"publish","type":"post","link":"https:\/\/agora.xtec.cat\/escolapablopicasso\/general\/calendari-i-horaris-del-curs-2019-20\/","title":{"rendered":"Calendari i horaris del curs 2019-20"},"content":{"rendered":"<ul>\n<li>El curs 2019-2020 comen\u00e7ar\u00e0 el dijous <strong>12 de setembre<\/strong> de 2019 i acabar\u00e0 el divendres <strong>19 de juny<\/strong> de 2020.<\/li>\n<li><strong>Dies festius i de lliure disposici\u00f3:<\/strong><\/li>\n<\/ul>\n<p>-dijous 31 d&#8217;octubre de 2019<img loading=\"lazy\" decoding=\"async\" class=\"wp-image-4827 alignright\" src=\"https:\/\/agora.xtec.cat\/escolapablopicasso\/wp-content\/uploads\/usu295\/2019\/07\/calendari-escolar.png\" alt=\"\" width=\"177\" height=\"177\" srcset=\"https:\/\/agora.xtec.cat\/escolapablopicasso\/wp-content\/uploads\/usu295\/2019\/07\/calendari-escolar.png 500w, https:\/\/agora.xtec.cat\/escolapablopicasso\/wp-content\/uploads\/usu295\/2019\/07\/calendari-escolar-150x150.png 150w, https:\/\/agora.xtec.cat\/escolapablopicasso\/wp-content\/uploads\/usu295\/2019\/07\/calendari-escolar-300x300.png 300w\" sizes=\"auto, (max-width: 177px) 100vw, 177px\" \/><\/p>\n<p>-dijous 5 de desembre de 2019<\/p>\n<p>-dilluns 24 de febrer de 2020<\/p>\n<p>-dilluns 4 de maig de 2020<\/p>\n<p>-dilluns 1 de juny de 2020 (festa local)<\/p>\n<ul>\n<li><strong>Vacances:<\/strong><\/li>\n<\/ul>\n<p>-Nadal: del 21 de desembre de 2019 al 7 de gener de 2010 (ambd\u00f3s inclosos)<\/p>\n<p>-Setmana Santa: del 4 al 13 d&#8217;abril de 2020 (ambd\u00f3s inclosos)<\/p>\n<ul>\n<li><strong>Horari lectiu:<\/strong><\/li>\n<\/ul>\n<p>Del 12 de setembre de 2019 fins al 5 de juny de 2020:<\/p>\n<p>-Mat\u00ed: de 9 a 12.30h<\/p>\n<p>-Tarda: de 15 a 16.30h<\/p>\n<p>Del 8 al 19 de juny de 2020 (ambd\u00f3s inclosos) es far\u00e0 horari intensiu de 9 a 13h. El divendres 20 de desembre de 2019 tamb\u00e9 es far\u00e0 horari intensiu.<\/p>\n","protected":false},"excerpt":{"rendered":"<ul>\n<li>El curs 2019-2020 comen\u00e7ar\u00e0 el dijous 12 de setembre de 2019 i acabar\u00e0 el divendres 19 de juny de 2020.<\/li>\n<li>Dies festius i de lliure disposici\u00f3:<\/li>\n<\/ul>\n<p>-dijous 31 d&#8217;octubre de 2019<br \/>\n-dijous 5 de desembre de 2019<br \/>\n-dilluns 24 de febrer de 2020<br \/>\n-dilluns 4 de maig de 2020<br \/>\n-dilluns 1&hellip;  <a href=\"https:\/\/agora.xtec.cat\/escolapablopicasso\/general\/calendari-i-horaris-del-curs-2019-20\/\" title=\"Read Calendari i horaris del curs 2019-20\">Llegeix m\u00e9s\u00bb<\/a><\/p>\n","protected":false},"author":5,"featured_media":0,"comment_status":"open","ping_status":"closed","sticky":false,"template":"","format":"standard","meta":{"_bbp_topic_count":0,"_bbp_reply_count":0,"_bbp_total_topic_count":0,"_bbp_total_reply_count":0,"_bbp_voice_count":0,"_bbp_anonymous_reply_count":0,"_bbp_topic_count_hidden":0,"_bbp_reply_count_hidden":0,"_bbp_forum_subforum_count":0,"footnotes":""},"categories":[1,4],"tags":[],"class_list":["post-4826","post","type-post","status-publish","format-standard","hentry","category-general","category-portada"],"post_mailing_queue_ids":[],"_links":{"self":[{"href":"https:\/\/agora.xtec.cat\/escolapablopicasso\/wp-json\/wp\/v2\/posts\/4826","targetHints":{"allow":["GET"]}}],"collection":[{"href":"https:\/\/agora.xtec.cat\/escolapablopicasso\/wp-json\/wp\/v2\/posts"}],"about":[{"href":"https:\/\/agora.xtec.cat\/escolapablopicasso\/wp-json\/wp\/v2\/types\/post"}],"author":[{"embeddable":true,"href":"https:\/\/agora.xtec.cat\/escolapablopicasso\/wp-json\/wp\/v2\/users\/5"}],"replies":[{"embeddable":true,"href":"https:\/\/agora.xtec.cat\/escolapablopicasso\/wp-json\/wp\/v2\/comments?post=4826"}],"version-history":[{"count":3,"href":"https:\/\/agora.xtec.cat\/escolapablopicasso\/wp-json\/wp\/v2\/posts\/4826\/revisions"}],"predecessor-version":[{"id":4838,"href":"https:\/\/agora.xtec.cat\/escolapablopicasso\/wp-json\/wp\/v2\/posts\/4826\/revisions\/4838"}],"wp:attachment":[{"href":"https:\/\/agora.xtec.cat\/escolapablopicasso\/wp-json\/wp\/v2\/media?parent=4826"}],"wp:term":[{"taxonomy":"category","embeddable":true,"href":"https:\/\/agora.xtec.cat\/escolapablopicasso\/wp-json\/wp\/v2\/categories?post=4826"},{"taxonomy":"post_tag","embeddable":true,"href":"https:\/\/agora.xtec.cat\/escolapablopicasso\/wp-json\/wp\/v2\/tags?post=4826"}],"curies":[{"name":"wp","href":"https:\/\/api.w.org\/{rel}","templated":true}]}}