{"id":4789,"date":"2019-05-27T13:32:00","date_gmt":"2019-05-27T11:32:00","guid":{"rendered":"http:\/\/agora.xtec.cat\/escolapablopicasso\/?p=4789"},"modified":"2019-05-27T13:32:00","modified_gmt":"2019-05-27T11:32:00","slug":"cinderella-2n","status":"publish","type":"post","link":"https:\/\/agora.xtec.cat\/escolapablopicasso\/general\/cinderella-2n\/","title":{"rendered":"Cinderella- 2n"},"content":{"rendered":"<p>Avui els alumnes de segon han gaudit MOLT a l&#8217;Auditori Maria Feliu de Barber\u00e0 del Vall\u00e8s. Han vist l&#8217;obra de teatre en angl\u00e8s Cinderella. Les germanes Annabella i Barbarella no volen que la Cinderella vagi al ball de palau, per\u00f2 la Cinderella t\u00e9 la gran sort de tenir el seu padr\u00ed m\u00e0gic que li ajudar\u00e0&#8230;<\/p>\n<p><iframe loading=\"lazy\" src=\"\/\/www.youtube.com\/embed\/ti3Ag2MwbS8\" width=\"560\" height=\"314\" allowfullscreen=\"allowfullscreen\"><\/iframe><\/p>\n","protected":false},"excerpt":{"rendered":"<p>Avui els alumnes de segon han gaudit MOLT a l&#8217;Auditori Maria Feliu de Barber\u00e0 del Vall\u00e8s. Han vist l&#8217;obra de teatre en angl\u00e8s Cinderella. Les germanes Annabella i Barbarella no volen que la Cinderella vagi al ball de palau, per\u00f2 la Cinderella t\u00e9 la gran&hellip;  <a href=\"https:\/\/agora.xtec.cat\/escolapablopicasso\/general\/cinderella-2n\/\" title=\"Read Cinderella- 2n\">Llegeix m\u00e9s\u00bb<\/a><\/p>\n","protected":false},"author":5,"featured_media":4790,"comment_status":"open","ping_status":"closed","sticky":false,"template":"","format":"standard","meta":{"_bbp_topic_count":0,"_bbp_reply_count":0,"_bbp_total_topic_count":0,"_bbp_total_reply_count":0,"_bbp_voice_count":0,"_bbp_anonymous_reply_count":0,"_bbp_topic_count_hidden":0,"_bbp_reply_count_hidden":0,"_bbp_forum_subforum_count":0,"footnotes":""},"categories":[11,22,1,4,30],"tags":[],"class_list":["post-4789","post","type-post","status-publish","format-standard","has-post-thumbnail","hentry","category-2n","category-angles","category-general","category-portada","category-sortides"],"post_mailing_queue_ids":[],"_links":{"self":[{"href":"https:\/\/agora.xtec.cat\/escolapablopicasso\/wp-json\/wp\/v2\/posts\/4789","targetHints":{"allow":["GET"]}}],"collection":[{"href":"https:\/\/agora.xtec.cat\/escolapablopicasso\/wp-json\/wp\/v2\/posts"}],"about":[{"href":"https:\/\/agora.xtec.cat\/escolapablopicasso\/wp-json\/wp\/v2\/types\/post"}],"author":[{"embeddable":true,"href":"https:\/\/agora.xtec.cat\/escolapablopicasso\/wp-json\/wp\/v2\/users\/5"}],"replies":[{"embeddable":true,"href":"https:\/\/agora.xtec.cat\/escolapablopicasso\/wp-json\/wp\/v2\/comments?post=4789"}],"version-history":[{"count":1,"href":"https:\/\/agora.xtec.cat\/escolapablopicasso\/wp-json\/wp\/v2\/posts\/4789\/revisions"}],"predecessor-version":[{"id":4791,"href":"https:\/\/agora.xtec.cat\/escolapablopicasso\/wp-json\/wp\/v2\/posts\/4789\/revisions\/4791"}],"wp:featuredmedia":[{"embeddable":true,"href":"https:\/\/agora.xtec.cat\/escolapablopicasso\/wp-json\/wp\/v2\/media\/4790"}],"wp:attachment":[{"href":"https:\/\/agora.xtec.cat\/escolapablopicasso\/wp-json\/wp\/v2\/media?parent=4789"}],"wp:term":[{"taxonomy":"category","embeddable":true,"href":"https:\/\/agora.xtec.cat\/escolapablopicasso\/wp-json\/wp\/v2\/categories?post=4789"},{"taxonomy":"post_tag","embeddable":true,"href":"https:\/\/agora.xtec.cat\/escolapablopicasso\/wp-json\/wp\/v2\/tags?post=4789"}],"curies":[{"name":"wp","href":"https:\/\/api.w.org\/{rel}","templated":true}]}}