{"id":4758,"date":"2019-05-30T16:30:05","date_gmt":"2019-05-30T14:30:05","guid":{"rendered":"http:\/\/agora.xtec.cat\/escolapablopicasso\/?p=4758"},"modified":"2019-06-01T17:39:02","modified_gmt":"2019-06-01T15:39:02","slug":"vestuari-danses-2019","status":"publish","type":"post","link":"https:\/\/agora.xtec.cat\/escolapablopicasso\/general\/vestuari-danses-2019\/","title":{"rendered":"VESTUARI DANSES 2019"},"content":{"rendered":"<p style=\"text-align: left;\">Des de l\u2019\u00e0rea de M\u00fasica i Educaci\u00f3 F\u00edsica, s&#8217;ha acordat per cursos com aniran vestits en relaci\u00f3 amb la can\u00e7\u00f3 que ballaran el proper dijous, 20 de juny.<\/p>\n<p style=\"text-align: left;\">Aqu\u00ed teniu les consignes de vestuari:<\/p>\n<p style=\"margin: 12px auto 6px auto; font-family: Helvetica,Arial,Sans-serif; font-style: normal; font-variant: normal; font-weight: normal; font-size: 14px; line-height: normal; font-size-adjust: none; font-stretch: normal; -x-system-font: none; display: block;\"><a style=\"text-decoration: underline;\" title=\"View Vestuari Danses 2019 on Scribd\" href=\"https:\/\/www.scribd.com\/document\/411936965\/Vestuari-Danses-2019#from_embed\">Vestuari Danses 2019<\/a> by on Scribd<\/p>\n<p><iframe loading=\"lazy\" class=\"scribd_iframe_embed\" title=\"Vestuari Danses 2019\" src=\"https:\/\/www.scribd.com\/embeds\/411936965\/content?start_page=1&amp;view_mode=scroll&amp;show_recommendations=true&amp;access_key=key-fw8ZTF8kgH1d4vGAgvcV\" width=\"600\" height=\"800\" frameborder=\"0\" scrolling=\"no\" data-auto-height=\"false\" data-aspect-ratio=\"null\"><\/iframe><\/p>\n","protected":false},"excerpt":{"rendered":"<p>Des de l\u2019\u00e0rea de M\u00fasica i Educaci\u00f3 F\u00edsica, s&#8217;ha acordat per cursos com aniran vestits en relaci\u00f3 amb la can\u00e7\u00f3 que ballaran el proper dijous, 20 de juny.<br \/>\nAqu\u00ed teniu les consignes de vestuari:<br \/>\n<a style=\"text-decoration: underline;\" title=\"View Vestuari Danses 2019 on Scribd\" href=\"https:\/\/www.scribd.com\/document\/411936965\/Vestuari-Danses-2019#from_embed\">Vestuari Danses 2019<\/a> by&hellip;  <a href=\"https:\/\/agora.xtec.cat\/escolapablopicasso\/general\/vestuari-danses-2019\/\" title=\"Read VESTUARI DANSES 2019\">Llegeix m\u00e9s\u00bb<\/a><\/p>\n","protected":false},"author":1,"featured_media":0,"comment_status":"open","ping_status":"closed","sticky":false,"template":"","format":"standard","meta":{"_bbp_topic_count":0,"_bbp_reply_count":0,"_bbp_total_topic_count":0,"_bbp_total_reply_count":0,"_bbp_voice_count":0,"_bbp_anonymous_reply_count":0,"_bbp_topic_count_hidden":0,"_bbp_reply_count_hidden":0,"_bbp_forum_subforum_count":0,"footnotes":""},"categories":[27,1,2,24,4,5],"tags":[],"class_list":["post-4758","post","type-post","status-publish","format-standard","hentry","category-ed-fisica","category-general","category-infantil","category-musica","category-portada","category-primaria"],"post_mailing_queue_ids":[],"_links":{"self":[{"href":"https:\/\/agora.xtec.cat\/escolapablopicasso\/wp-json\/wp\/v2\/posts\/4758","targetHints":{"allow":["GET"]}}],"collection":[{"href":"https:\/\/agora.xtec.cat\/escolapablopicasso\/wp-json\/wp\/v2\/posts"}],"about":[{"href":"https:\/\/agora.xtec.cat\/escolapablopicasso\/wp-json\/wp\/v2\/types\/post"}],"author":[{"embeddable":true,"href":"https:\/\/agora.xtec.cat\/escolapablopicasso\/wp-json\/wp\/v2\/users\/1"}],"replies":[{"embeddable":true,"href":"https:\/\/agora.xtec.cat\/escolapablopicasso\/wp-json\/wp\/v2\/comments?post=4758"}],"version-history":[{"count":3,"href":"https:\/\/agora.xtec.cat\/escolapablopicasso\/wp-json\/wp\/v2\/posts\/4758\/revisions"}],"predecessor-version":[{"id":4795,"href":"https:\/\/agora.xtec.cat\/escolapablopicasso\/wp-json\/wp\/v2\/posts\/4758\/revisions\/4795"}],"wp:attachment":[{"href":"https:\/\/agora.xtec.cat\/escolapablopicasso\/wp-json\/wp\/v2\/media?parent=4758"}],"wp:term":[{"taxonomy":"category","embeddable":true,"href":"https:\/\/agora.xtec.cat\/escolapablopicasso\/wp-json\/wp\/v2\/categories?post=4758"},{"taxonomy":"post_tag","embeddable":true,"href":"https:\/\/agora.xtec.cat\/escolapablopicasso\/wp-json\/wp\/v2\/tags?post=4758"}],"curies":[{"name":"wp","href":"https:\/\/api.w.org\/{rel}","templated":true}]}}