{"id":4753,"date":"2019-06-14T09:00:05","date_gmt":"2019-06-14T07:00:05","guid":{"rendered":"http:\/\/agora.xtec.cat\/escolapablopicasso\/?p=4753"},"modified":"2019-06-12T18:53:23","modified_gmt":"2019-06-12T16:53:23","slug":"danses-de-fi-de-curs-2019","status":"publish","type":"post","link":"https:\/\/agora.xtec.cat\/escolapablopicasso\/general\/danses-de-fi-de-curs-2019\/","title":{"rendered":"DANSES DE FI DE CURS 2019"},"content":{"rendered":"<p>S&#8217;apropa el final d&#8217;aquest curs 2018-2019 i per acomiadar-lo com es mereix, hem organitzat les danses de fi de curs d&#8217;enguany.<\/p>\n<p>La tem\u00e0tica d&#8217;aquest curs s\u00f3n les <strong>BSO (Bandes Sonores Originals)<\/strong> i per aix\u00f2 el tr\u00edptic \u00e9s una entrada de cinema \ud83d\ude42<\/p>\n<p>Aqu\u00ed podeu veure el tr\u00edptic-entrada amb totes les can\u00e7ons i a sota, el cartell d&#8217;aquest any.<\/p>\n<p><img loading=\"lazy\" decoding=\"async\" class=\"alignnone size-large wp-image-4799\" src=\"https:\/\/agora.xtec.cat\/escolapablopicasso\/wp-content\/uploads\/usu295\/2019\/06\/2.jpg\" alt=\"\" width=\"816\" height=\"264\" srcset=\"https:\/\/agora.xtec.cat\/escolapablopicasso\/wp-content\/uploads\/usu295\/2019\/06\/2.jpg 816w, https:\/\/agora.xtec.cat\/escolapablopicasso\/wp-content\/uploads\/usu295\/2019\/06\/2-300x97.jpg 300w, https:\/\/agora.xtec.cat\/escolapablopicasso\/wp-content\/uploads\/usu295\/2019\/06\/2-768x248.jpg 768w\" sizes=\"auto, (max-width: 816px) 100vw, 816px\" \/><img loading=\"lazy\" decoding=\"async\" class=\"alignnone size-full wp-image-4798\" src=\"https:\/\/agora.xtec.cat\/escolapablopicasso\/wp-content\/uploads\/usu295\/2019\/06\/1.jpg\" alt=\"\" width=\"816\" height=\"264\" srcset=\"https:\/\/agora.xtec.cat\/escolapablopicasso\/wp-content\/uploads\/usu295\/2019\/06\/1.jpg 816w, https:\/\/agora.xtec.cat\/escolapablopicasso\/wp-content\/uploads\/usu295\/2019\/06\/1-300x97.jpg 300w, https:\/\/agora.xtec.cat\/escolapablopicasso\/wp-content\/uploads\/usu295\/2019\/06\/1-768x248.jpg 768w\" sizes=\"auto, (max-width: 816px) 100vw, 816px\" \/><\/p>\n<p><img loading=\"lazy\" decoding=\"async\" class=\"wp-image-4797 aligncenter\" src=\"https:\/\/agora.xtec.cat\/escolapablopicasso\/wp-content\/uploads\/usu295\/2019\/06\/DANSES-FI-DE-CURS-2019-724x1024.jpg\" alt=\"\" width=\"340\" height=\"481\" srcset=\"https:\/\/agora.xtec.cat\/escolapablopicasso\/wp-content\/uploads\/usu295\/2019\/06\/DANSES-FI-DE-CURS-2019-724x1024.jpg 724w, https:\/\/agora.xtec.cat\/escolapablopicasso\/wp-content\/uploads\/usu295\/2019\/06\/DANSES-FI-DE-CURS-2019-212x300.jpg 212w, https:\/\/agora.xtec.cat\/escolapablopicasso\/wp-content\/uploads\/usu295\/2019\/06\/DANSES-FI-DE-CURS-2019-768x1086.jpg 768w, https:\/\/agora.xtec.cat\/escolapablopicasso\/wp-content\/uploads\/usu295\/2019\/06\/DANSES-FI-DE-CURS-2019.jpg 1588w\" sizes=\"auto, (max-width: 340px) 100vw, 340px\" \/><\/p>\n","protected":false},"excerpt":{"rendered":"<p>S&#8217;apropa el final d&#8217;aquest curs 2018-2019 i per acomiadar-lo com es mereix, hem organitzat les danses de fi de curs d&#8217;enguany.<br \/>\nLa tem\u00e0tica d&#8217;aquest curs s\u00f3n les BSO (Bandes Sonores Originals) i per aix\u00f2 el tr\u00edptic \u00e9s una entrada de cinema \ud83d\ude42<br \/>\nAqu\u00ed podeu veure el tr\u00edptic-entrada&hellip;  <a href=\"https:\/\/agora.xtec.cat\/escolapablopicasso\/general\/danses-de-fi-de-curs-2019\/\" title=\"Read DANSES DE FI DE CURS 2019\">Llegeix m\u00e9s\u00bb<\/a><\/p>\n","protected":false},"author":1,"featured_media":0,"comment_status":"open","ping_status":"closed","sticky":false,"template":"","format":"standard","meta":{"_bbp_topic_count":0,"_bbp_reply_count":0,"_bbp_total_topic_count":0,"_bbp_total_reply_count":0,"_bbp_voice_count":0,"_bbp_anonymous_reply_count":0,"_bbp_topic_count_hidden":0,"_bbp_reply_count_hidden":0,"_bbp_forum_subforum_count":0,"footnotes":""},"categories":[27,23,1,2,24,4,5],"tags":[],"class_list":["post-4753","post","type-post","status-publish","format-standard","hentry","category-ed-fisica","category-nadal","category-general","category-infantil","category-musica","category-portada","category-primaria"],"post_mailing_queue_ids":[],"_links":{"self":[{"href":"https:\/\/agora.xtec.cat\/escolapablopicasso\/wp-json\/wp\/v2\/posts\/4753","targetHints":{"allow":["GET"]}}],"collection":[{"href":"https:\/\/agora.xtec.cat\/escolapablopicasso\/wp-json\/wp\/v2\/posts"}],"about":[{"href":"https:\/\/agora.xtec.cat\/escolapablopicasso\/wp-json\/wp\/v2\/types\/post"}],"author":[{"embeddable":true,"href":"https:\/\/agora.xtec.cat\/escolapablopicasso\/wp-json\/wp\/v2\/users\/1"}],"replies":[{"embeddable":true,"href":"https:\/\/agora.xtec.cat\/escolapablopicasso\/wp-json\/wp\/v2\/comments?post=4753"}],"version-history":[{"count":3,"href":"https:\/\/agora.xtec.cat\/escolapablopicasso\/wp-json\/wp\/v2\/posts\/4753\/revisions"}],"predecessor-version":[{"id":4801,"href":"https:\/\/agora.xtec.cat\/escolapablopicasso\/wp-json\/wp\/v2\/posts\/4753\/revisions\/4801"}],"wp:attachment":[{"href":"https:\/\/agora.xtec.cat\/escolapablopicasso\/wp-json\/wp\/v2\/media?parent=4753"}],"wp:term":[{"taxonomy":"category","embeddable":true,"href":"https:\/\/agora.xtec.cat\/escolapablopicasso\/wp-json\/wp\/v2\/categories?post=4753"},{"taxonomy":"post_tag","embeddable":true,"href":"https:\/\/agora.xtec.cat\/escolapablopicasso\/wp-json\/wp\/v2\/tags?post=4753"}],"curies":[{"name":"wp","href":"https:\/\/api.w.org\/{rel}","templated":true}]}}