{"id":4708,"date":"2019-05-06T16:30:00","date_gmt":"2019-05-06T14:30:00","guid":{"rendered":"http:\/\/agora.xtec.cat\/escolapablopicasso\/?p=4708"},"modified":"2019-05-13T13:28:27","modified_gmt":"2019-05-13T11:28:27","slug":"granja-de-can-mas-pascual-1r","status":"publish","type":"post","link":"https:\/\/agora.xtec.cat\/escolapablopicasso\/general\/granja-de-can-mas-pascual-1r\/","title":{"rendered":"Granja de Can Mas Pascual- 1r"},"content":{"rendered":"<p>El passat 6 de Maig, els alumnes de 1r vam anar a la Granja de Can Mas Pascual a Lli\u00e7\u00e0 d&#8217;Amunt. All\u00e0 vam con\u00e8ixer una mica m\u00e9s sobre les vaques, ovelles, cabretes, porcs, gallines, conills, cavalls, etc.<\/p>\n<p><iframe loading=\"lazy\" src=\"\/\/www.youtube.com\/embed\/_S9XDYZRcfM\" width=\"560\" height=\"314\" allowfullscreen=\"allowfullscreen\"><\/iframe><\/p>\n<p><iframe loading=\"lazy\" src=\"\/\/www.youtube.com\/embed\/-ZSs98yttC0\" width=\"560\" height=\"314\" allowfullscreen=\"allowfullscreen\"><\/iframe><\/p>\n<p><iframe loading=\"lazy\" src=\"\/\/www.youtube.com\/embed\/vImmDTbeeSM\" width=\"560\" height=\"314\" allowfullscreen=\"allowfullscreen\"><\/iframe><\/p>\n<p><iframe loading=\"lazy\" src=\"\/\/www.youtube.com\/embed\/7SXAQ_fw_zY\" width=\"560\" height=\"314\" allowfullscreen=\"allowfullscreen\"><\/iframe><\/p>\n<p><iframe loading=\"lazy\" src=\"\/\/www.youtube.com\/embed\/pV3nFsZ6ZIg\" width=\"560\" height=\"314\" allowfullscreen=\"allowfullscreen\"><\/iframe><\/p>\n<p><iframe loading=\"lazy\" src=\"\/\/www.youtube.com\/embed\/az4QdY02BXA\" width=\"560\" height=\"314\" allowfullscreen=\"allowfullscreen\"><\/iframe><\/p>\n<p>A m\u00e9s a m\u00e9s, vam acabar la visita amb un passeig en carro. S\u00faper emocionant!!!!<\/p>\n<p><iframe loading=\"lazy\" src=\"\/\/www.youtube.com\/embed\/4VZGVpG9Jg0\" width=\"560\" height=\"314\" allowfullscreen=\"allowfullscreen\"><\/iframe><\/p>\n<p>&nbsp;<\/p>\n","protected":false},"excerpt":{"rendered":"<p>El passat 6 de Maig, els alumnes de 1r vam anar a la Granja de Can Mas Pascual a Lli\u00e7\u00e0 d&#8217;Amunt. All\u00e0 vam con\u00e8ixer una mica m\u00e9s sobre les vaques, ovelles, cabretes, porcs, gallines, conills, cavalls, etc.<\/p>\n<p>A m\u00e9s a m\u00e9s, vam acabar la visita amb&hellip;  <a href=\"https:\/\/agora.xtec.cat\/escolapablopicasso\/general\/granja-de-can-mas-pascual-1r\/\" title=\"Read Granja de Can Mas Pascual- 1r\">Llegeix m\u00e9s\u00bb<\/a><\/p>\n","protected":false},"author":5,"featured_media":0,"comment_status":"open","ping_status":"closed","sticky":false,"template":"","format":"standard","meta":{"_bbp_topic_count":0,"_bbp_reply_count":0,"_bbp_total_topic_count":0,"_bbp_total_reply_count":0,"_bbp_voice_count":0,"_bbp_anonymous_reply_count":0,"_bbp_topic_count_hidden":0,"_bbp_reply_count_hidden":0,"_bbp_forum_subforum_count":0,"footnotes":""},"categories":[10,1,4,30],"tags":[],"class_list":["post-4708","post","type-post","status-publish","format-standard","hentry","category-1r","category-general","category-portada","category-sortides"],"post_mailing_queue_ids":[],"_links":{"self":[{"href":"https:\/\/agora.xtec.cat\/escolapablopicasso\/wp-json\/wp\/v2\/posts\/4708","targetHints":{"allow":["GET"]}}],"collection":[{"href":"https:\/\/agora.xtec.cat\/escolapablopicasso\/wp-json\/wp\/v2\/posts"}],"about":[{"href":"https:\/\/agora.xtec.cat\/escolapablopicasso\/wp-json\/wp\/v2\/types\/post"}],"author":[{"embeddable":true,"href":"https:\/\/agora.xtec.cat\/escolapablopicasso\/wp-json\/wp\/v2\/users\/5"}],"replies":[{"embeddable":true,"href":"https:\/\/agora.xtec.cat\/escolapablopicasso\/wp-json\/wp\/v2\/comments?post=4708"}],"version-history":[{"count":3,"href":"https:\/\/agora.xtec.cat\/escolapablopicasso\/wp-json\/wp\/v2\/posts\/4708\/revisions"}],"predecessor-version":[{"id":4726,"href":"https:\/\/agora.xtec.cat\/escolapablopicasso\/wp-json\/wp\/v2\/posts\/4708\/revisions\/4726"}],"wp:attachment":[{"href":"https:\/\/agora.xtec.cat\/escolapablopicasso\/wp-json\/wp\/v2\/media?parent=4708"}],"wp:term":[{"taxonomy":"category","embeddable":true,"href":"https:\/\/agora.xtec.cat\/escolapablopicasso\/wp-json\/wp\/v2\/categories?post=4708"},{"taxonomy":"post_tag","embeddable":true,"href":"https:\/\/agora.xtec.cat\/escolapablopicasso\/wp-json\/wp\/v2\/tags?post=4708"}],"curies":[{"name":"wp","href":"https:\/\/api.w.org\/{rel}","templated":true}]}}