{"id":4695,"date":"2019-04-04T16:45:51","date_gmt":"2019-04-04T14:45:51","guid":{"rendered":"http:\/\/agora.xtec.cat\/escolapablopicasso\/?p=4695"},"modified":"2019-04-11T17:14:08","modified_gmt":"2019-04-11T15:14:08","slug":"ii-setmana-literaria-titelles-5e","status":"publish","type":"post","link":"https:\/\/agora.xtec.cat\/escolapablopicasso\/general\/ii-setmana-literaria-titelles-5e\/","title":{"rendered":"II Setmana Liter\u00e0ria- titelles 5\u00e8"},"content":{"rendered":"<p>Els alumnes de 5\u00e8 porten setmanes preparant un gran espectacle de titelles. Primer, en grups, han seleccionat les hist\u00f2ries, han practicat els di\u00e0legs, despr\u00e9s han dissenyat els decorats, han fet els titelles, etc i durant aquesta II Setmana Liter\u00e0ria han convidat als nens de tota l&#8217;escola a veure el resultat. Aqu\u00ed podeu veure algunes de les hist\u00f2ries representades als alumnes de 1r i 2n<\/p>\n<p><iframe loading=\"lazy\" src=\"\/\/www.youtube.com\/embed\/EFczFlx_MN0\" width=\"560\" height=\"314\" allowfullscreen=\"allowfullscreen\"><\/iframe><\/p>\n<p><iframe loading=\"lazy\" src=\"\/\/www.youtube.com\/embed\/wwINP7H40II\" width=\"560\" height=\"314\" allowfullscreen=\"allowfullscreen\"><\/iframe><\/p>\n<p><iframe loading=\"lazy\" src=\"\/\/www.youtube.com\/embed\/8iuBLF8quR4\" width=\"560\" height=\"314\" allowfullscreen=\"allowfullscreen\"><\/iframe><\/p>\n<p><iframe loading=\"lazy\" src=\"\/\/www.youtube.com\/embed\/ht8ByNChpMk\" width=\"560\" height=\"314\" allowfullscreen=\"allowfullscreen\"><\/iframe><\/p>\n<p><iframe loading=\"lazy\" src=\"\/\/www.youtube.com\/embed\/nv_tcHUw4yg\" width=\"560\" height=\"314\" allowfullscreen=\"allowfullscreen\"><\/iframe><\/p>\n<p><iframe loading=\"lazy\" src=\"\/\/www.youtube.com\/embed\/M253XkKkyDo\" width=\"560\" height=\"314\" allowfullscreen=\"allowfullscreen\"><\/iframe><\/p>\n<p><iframe loading=\"lazy\" src=\"\/\/www.youtube.com\/embed\/uyV-um8J9Ps\" width=\"560\" height=\"314\" allowfullscreen=\"allowfullscreen\"><\/iframe><\/p>\n","protected":false},"excerpt":{"rendered":"<p>Els alumnes de 5\u00e8 porten setmanes preparant un gran espectacle de titelles. Primer, en grups, han seleccionat les hist\u00f2ries, han practicat els di\u00e0legs, despr\u00e9s han dissenyat els decorats, han fet els titelles, etc i durant aquesta II Setmana Liter\u00e0ria han convidat als nens de tota&hellip;  <a href=\"https:\/\/agora.xtec.cat\/escolapablopicasso\/general\/ii-setmana-literaria-titelles-5e\/\" title=\"Read II Setmana Liter\u00e0ria- titelles 5\u00e8\">Llegeix m\u00e9s\u00bb<\/a><\/p>\n","protected":false},"author":5,"featured_media":0,"comment_status":"open","ping_status":"closed","sticky":false,"template":"","format":"standard","meta":{"_bbp_topic_count":0,"_bbp_reply_count":0,"_bbp_total_topic_count":0,"_bbp_total_reply_count":0,"_bbp_voice_count":0,"_bbp_anonymous_reply_count":0,"_bbp_topic_count_hidden":0,"_bbp_reply_count_hidden":0,"_bbp_forum_subforum_count":0,"footnotes":""},"categories":[10,11,14,1,4],"tags":[],"class_list":["post-4695","post","type-post","status-publish","format-standard","hentry","category-1r","category-2n","category-5e","category-general","category-portada"],"post_mailing_queue_ids":[],"_links":{"self":[{"href":"https:\/\/agora.xtec.cat\/escolapablopicasso\/wp-json\/wp\/v2\/posts\/4695","targetHints":{"allow":["GET"]}}],"collection":[{"href":"https:\/\/agora.xtec.cat\/escolapablopicasso\/wp-json\/wp\/v2\/posts"}],"about":[{"href":"https:\/\/agora.xtec.cat\/escolapablopicasso\/wp-json\/wp\/v2\/types\/post"}],"author":[{"embeddable":true,"href":"https:\/\/agora.xtec.cat\/escolapablopicasso\/wp-json\/wp\/v2\/users\/5"}],"replies":[{"embeddable":true,"href":"https:\/\/agora.xtec.cat\/escolapablopicasso\/wp-json\/wp\/v2\/comments?post=4695"}],"version-history":[{"count":1,"href":"https:\/\/agora.xtec.cat\/escolapablopicasso\/wp-json\/wp\/v2\/posts\/4695\/revisions"}],"predecessor-version":[{"id":4696,"href":"https:\/\/agora.xtec.cat\/escolapablopicasso\/wp-json\/wp\/v2\/posts\/4695\/revisions\/4696"}],"wp:attachment":[{"href":"https:\/\/agora.xtec.cat\/escolapablopicasso\/wp-json\/wp\/v2\/media?parent=4695"}],"wp:term":[{"taxonomy":"category","embeddable":true,"href":"https:\/\/agora.xtec.cat\/escolapablopicasso\/wp-json\/wp\/v2\/categories?post=4695"},{"taxonomy":"post_tag","embeddable":true,"href":"https:\/\/agora.xtec.cat\/escolapablopicasso\/wp-json\/wp\/v2\/tags?post=4695"}],"curies":[{"name":"wp","href":"https:\/\/api.w.org\/{rel}","templated":true}]}}