{"id":4684,"date":"2019-04-05T10:31:15","date_gmt":"2019-04-05T08:31:15","guid":{"rendered":"http:\/\/agora.xtec.cat\/escolapablopicasso\/?p=4684"},"modified":"2019-04-10T10:49:46","modified_gmt":"2019-04-10T08:49:46","slug":"setmana-literaria-llegim-als-nostres-fillols-es","status":"publish","type":"post","link":"https:\/\/agora.xtec.cat\/escolapablopicasso\/general\/setmana-literaria-llegim-als-nostres-fillols-es\/","title":{"rendered":"II SETMANA LITER\u00c0RIA &#8211; Llegim als nostres fillols\/es"},"content":{"rendered":"<p>Una de les activitats m\u00e9s apreciades pels nostres alumnes de 6\u00e8 \u00e9s el moment de compartir estones, com ara llegir un conte amb els seus fillols i filloles. Pr\u00e8viament hi ha un treball molt bonic a darrere que \u00e9s escollir el llibre, un que creguin que \u00e9s adequat pels infants de P3 i que els agradar\u00e0. Tamb\u00e9 practiquen com llegir-lo perqu\u00e8 sigui m\u00e9s interessant, posant veus, fent pauses, fent preguntes i assenyalant dibuixos&#8230; Se n&#8217;adonen que a vegades no \u00e9s f\u00e0cil tenir l&#8217;atenci\u00f3 dels m\u00e9s petits\/es i s&#8217;hi esforcen molt, i quan ho aconsegueixen, la cara d&#8217;il\u00b7lusi\u00f3 de les dues parts \u00e9s genial.<\/p>\n<p>Aqu\u00ed teniu les fotos del moment:<\/p>\n<p><iframe loading=\"lazy\" title=\"Llegim un conte als fillols\" width=\"500\" height=\"281\" src=\"https:\/\/www.youtube.com\/embed\/7OwZhWX-AYc?feature=oembed\" frameborder=\"0\" allow=\"accelerometer; autoplay; clipboard-write; encrypted-media; gyroscope; picture-in-picture; web-share\" referrerpolicy=\"strict-origin-when-cross-origin\" allowfullscreen><\/iframe><\/p>\n","protected":false},"excerpt":{"rendered":"<p>Una de les activitats m\u00e9s apreciades pels nostres alumnes de 6\u00e8 \u00e9s el moment de compartir estones, com ara llegir un conte amb els seus fillols i filloles. Pr\u00e8viament hi ha un treball molt bonic a darrere que \u00e9s escollir el llibre, un que creguin&hellip;  <a href=\"https:\/\/agora.xtec.cat\/escolapablopicasso\/general\/setmana-literaria-llegim-als-nostres-fillols-es\/\" title=\"Read II SETMANA LITER\u00c0RIA &#8211; Llegim als nostres fillols\/es\">Llegeix m\u00e9s\u00bb<\/a><\/p>\n","protected":false},"author":1,"featured_media":0,"comment_status":"open","ping_status":"closed","sticky":false,"template":"","format":"standard","meta":{"_bbp_topic_count":0,"_bbp_reply_count":0,"_bbp_total_topic_count":0,"_bbp_total_reply_count":0,"_bbp_voice_count":0,"_bbp_anonymous_reply_count":0,"_bbp_topic_count_hidden":0,"_bbp_reply_count_hidden":0,"_bbp_forum_subforum_count":0,"footnotes":""},"categories":[15,1,3,2,4,5],"tags":[],"class_list":["post-4684","post","type-post","status-publish","format-standard","hentry","category-6e","category-general","category-i3","category-infantil","category-portada","category-primaria"],"post_mailing_queue_ids":[],"_links":{"self":[{"href":"https:\/\/agora.xtec.cat\/escolapablopicasso\/wp-json\/wp\/v2\/posts\/4684","targetHints":{"allow":["GET"]}}],"collection":[{"href":"https:\/\/agora.xtec.cat\/escolapablopicasso\/wp-json\/wp\/v2\/posts"}],"about":[{"href":"https:\/\/agora.xtec.cat\/escolapablopicasso\/wp-json\/wp\/v2\/types\/post"}],"author":[{"embeddable":true,"href":"https:\/\/agora.xtec.cat\/escolapablopicasso\/wp-json\/wp\/v2\/users\/1"}],"replies":[{"embeddable":true,"href":"https:\/\/agora.xtec.cat\/escolapablopicasso\/wp-json\/wp\/v2\/comments?post=4684"}],"version-history":[{"count":2,"href":"https:\/\/agora.xtec.cat\/escolapablopicasso\/wp-json\/wp\/v2\/posts\/4684\/revisions"}],"predecessor-version":[{"id":4687,"href":"https:\/\/agora.xtec.cat\/escolapablopicasso\/wp-json\/wp\/v2\/posts\/4684\/revisions\/4687"}],"wp:attachment":[{"href":"https:\/\/agora.xtec.cat\/escolapablopicasso\/wp-json\/wp\/v2\/media?parent=4684"}],"wp:term":[{"taxonomy":"category","embeddable":true,"href":"https:\/\/agora.xtec.cat\/escolapablopicasso\/wp-json\/wp\/v2\/categories?post=4684"},{"taxonomy":"post_tag","embeddable":true,"href":"https:\/\/agora.xtec.cat\/escolapablopicasso\/wp-json\/wp\/v2\/tags?post=4684"}],"curies":[{"name":"wp","href":"https:\/\/api.w.org\/{rel}","templated":true}]}}