{"id":4661,"date":"2019-03-31T23:50:48","date_gmt":"2019-03-31T21:50:48","guid":{"rendered":"http:\/\/agora.xtec.cat\/escolapablopicasso\/?p=4661"},"modified":"2019-04-02T11:58:26","modified_gmt":"2019-04-02T09:58:26","slug":"el-pot-de-la-tristesa-epoca-blava-pablo-picasso","status":"publish","type":"post","link":"https:\/\/agora.xtec.cat\/escolapablopicasso\/general\/el-pot-de-la-tristesa-epoca-blava-pablo-picasso\/","title":{"rendered":"El pot de la tristesa. \u00c8poca blava. Pablo Picasso."},"content":{"rendered":"<p>Els nens i nenes de P4 i P5 van treballar en un dels tallers de Pablo Picasso una de les \u00e8poques per les que va passar el pintor malagueny, l&#8217;\u00e8poca blava.<\/p>\n<p>Va ser una \u00e8poca trista i aix\u00f2 es veia reflexat en les seves obres. Personatges l\u00e0nguids i de posat poc alegre. Figures llargues i tonalitats fredes. Els infants han visualitzat algunes de les seves obres d&#8217;aquest periode, han sentit la tristor mitjan\u00e7ant la m\u00fasica i s&#8217;han tornat aut\u00e8ntics artistes creant el seu propi pot de la tristesa.<\/p>\n<p>Una\u00a0 escultura\u00a0 de posat trist atrapada dins d&#8217;un pot simulant el mar, una de les altres passions de Picasso. Una petita i curosa obra d&#8217;art.<\/p>\n<p>Abans d&#8217;inspirar-se, i per entendre una mica m\u00e9s la seva obra, els infants van veure aquest v\u00eddeo.<\/p>\n<p><iframe loading=\"lazy\" title=\"Picasso para ni\u00f1os\" width=\"500\" height=\"375\" src=\"https:\/\/www.youtube.com\/embed\/mJpb1m0Vb8s?feature=oembed\" frameborder=\"0\" allow=\"accelerometer; autoplay; clipboard-write; encrypted-media; gyroscope; picture-in-picture; web-share\" referrerpolicy=\"strict-origin-when-cross-origin\" allowfullscreen><\/iframe><\/p>\n<p><iframe loading=\"lazy\" title=\"Tallers P4 i P5. El pot de la tristesa. \u00c8poca blava\" width=\"500\" height=\"281\" src=\"https:\/\/www.youtube.com\/embed\/j5g2s-8OXfs?feature=oembed\" frameborder=\"0\" allow=\"accelerometer; autoplay; clipboard-write; encrypted-media; gyroscope; picture-in-picture; web-share\" referrerpolicy=\"strict-origin-when-cross-origin\" allowfullscreen><\/iframe><\/p>\n","protected":false},"excerpt":{"rendered":"<p>Els nens i nenes de P4 i P5 van treballar en un dels tallers de Pablo Picasso una de les \u00e8poques per les que va passar el pintor malagueny, l&#8217;\u00e8poca blava.<br \/>\nVa ser una \u00e8poca trista i aix\u00f2 es veia reflexat en les seves obres. Personatges&hellip;  <a href=\"https:\/\/agora.xtec.cat\/escolapablopicasso\/general\/el-pot-de-la-tristesa-epoca-blava-pablo-picasso\/\" title=\"Read El pot de la tristesa. \u00c8poca blava. Pablo Picasso.\">Llegeix m\u00e9s\u00bb<\/a><\/p>\n","protected":false},"author":4,"featured_media":4662,"comment_status":"open","ping_status":"closed","sticky":false,"template":"","format":"standard","meta":{"_bbp_topic_count":0,"_bbp_reply_count":0,"_bbp_total_topic_count":0,"_bbp_total_reply_count":0,"_bbp_voice_count":0,"_bbp_anonymous_reply_count":0,"_bbp_topic_count_hidden":0,"_bbp_reply_count_hidden":0,"_bbp_forum_subforum_count":0,"footnotes":""},"categories":[1,8,9,2,4,26],"tags":[],"class_list":["post-4661","post","type-post","status-publish","format-standard","has-post-thumbnail","hentry","category-general","category-i4","category-i5","category-infantil","category-portada","category-tallers"],"post_mailing_queue_ids":[],"_links":{"self":[{"href":"https:\/\/agora.xtec.cat\/escolapablopicasso\/wp-json\/wp\/v2\/posts\/4661","targetHints":{"allow":["GET"]}}],"collection":[{"href":"https:\/\/agora.xtec.cat\/escolapablopicasso\/wp-json\/wp\/v2\/posts"}],"about":[{"href":"https:\/\/agora.xtec.cat\/escolapablopicasso\/wp-json\/wp\/v2\/types\/post"}],"author":[{"embeddable":true,"href":"https:\/\/agora.xtec.cat\/escolapablopicasso\/wp-json\/wp\/v2\/users\/4"}],"replies":[{"embeddable":true,"href":"https:\/\/agora.xtec.cat\/escolapablopicasso\/wp-json\/wp\/v2\/comments?post=4661"}],"version-history":[{"count":2,"href":"https:\/\/agora.xtec.cat\/escolapablopicasso\/wp-json\/wp\/v2\/posts\/4661\/revisions"}],"predecessor-version":[{"id":4664,"href":"https:\/\/agora.xtec.cat\/escolapablopicasso\/wp-json\/wp\/v2\/posts\/4661\/revisions\/4664"}],"wp:featuredmedia":[{"embeddable":true,"href":"https:\/\/agora.xtec.cat\/escolapablopicasso\/wp-json\/wp\/v2\/media\/4662"}],"wp:attachment":[{"href":"https:\/\/agora.xtec.cat\/escolapablopicasso\/wp-json\/wp\/v2\/media?parent=4661"}],"wp:term":[{"taxonomy":"category","embeddable":true,"href":"https:\/\/agora.xtec.cat\/escolapablopicasso\/wp-json\/wp\/v2\/categories?post=4661"},{"taxonomy":"post_tag","embeddable":true,"href":"https:\/\/agora.xtec.cat\/escolapablopicasso\/wp-json\/wp\/v2\/tags?post=4661"}],"curies":[{"name":"wp","href":"https:\/\/api.w.org\/{rel}","templated":true}]}}